{"id":6387,"date":"2024-06-14T08:52:00","date_gmt":"2024-06-14T06:52:00","guid":{"rendered":"https:\/\/cppaderborn.educacion.navarra.es\/web\/?p=6387"},"modified":"2024-06-11T20:54:38","modified_gmt":"2024-06-11T18:54:38","slug":"1a-jornada-cultural-paderborn","status":"publish","type":"post","link":"https:\/\/cppaderborn.educacion.navarra.es\/web\/blog\/1a-jornada-cultural-paderborn\/","title":{"rendered":"1\u00aa Jornada Cultural Paderborn"},"content":{"rendered":"\n<p><a href=\"https:\/\/www.apymapaderborn.com\/1a-jornada-cultural-paderborn\/\" target=\"_blank\" rel=\"noreferrer noopener\"><strong>Noticia original de la p\u00e1gina web de la APYMA Paderborn<\/strong><\/a><\/p>\n\n\n\n<p>El viernes 24 de mayo tuvo lugar la I Jornada Cultural organizada por la APYMA Paderborn, consistente en diferentes clases que el alumnado podr\u00e1 elegir como actividades extraescolares el curso que viene.<\/p>\n\n\n\n<p>Queremos agradecer especialmente a la empresa Lacturale su generosidad al ofrecernos sus productos para la merienda saludable que el alumnado pudo disfrutar a mitad de jornada.<\/p>\n\n\n\n<p>Asimismo, agradecemos la profesionalidad y buena disposici\u00f3n de todos los proveedores que acudieron a mostrar sus actividades extraescolares, resultando todas muy interesantes para nuestros ni\u00f1os y ni\u00f1as.<\/p>\n\n\n\n<p>Mates divertidas, coro, escritura creativa, teatro, rob\u00f3tica, dise\u00f1o de videojuegos, manualidades en alem\u00e1n, Lego League, construcciones, m\u00fasica y movimiento, dibujo y pintura, taller creativo de historias, ingl\u00e9s, peque\u00f1os arquitectos\u2026<\/p>\n\n\n\n<p>\u00a1Fue una tarde estupenda y llena de nuevas experiencias!<\/p>\n\n\n\n<h1 class=\"wp-block-heading\"><strong>I KULTURTAG APYMA PADERBORN<\/strong><\/h1>\n\n\n\n<p>Am Freitag, dem 24. Mai, fand der 1. Kulturtag der APYMA Paderborn statt, bestehend aus verschiedenen Aktivit\u00e4ten, die die Sch\u00fcler im n\u00e4chsten Jahr als au\u00dferschulische Aktivit\u00e4ten w\u00e4hlen k\u00f6nnen.<\/p>\n\n\n\n<p>Besonders danken m\u00f6chten wir der Firma Lacturale f\u00fcr die gro\u00dfz\u00fcgige Bereitstellung ihrer Produkte f\u00fcr den gesunden Snack, den die Sch\u00fcler genie\u00dfen konnten.<\/p>\n\n\n\n<p>Ebenso sch\u00e4tzen wir die Professionalit\u00e4t und die gute Einstellung aller Anbieter, die gekommen sind, um ihre au\u00dferschulischen Aktivit\u00e4ten zu zeigen, die alle f\u00fcr unsere Sch\u00fcler sehr interessant waren.<\/p>\n\n\n\n<p>Lustige Mathematik, Chor, kreatives Schreiben, Theater, Robotik, Videospieldesign, Basteln auf Deutsch, Lego League, Bauen, Musik und Bewegung, Zeichnen und Malen, Workshop f\u00fcr kreative Geschichten, Englisch, kleine Architekten \u2026<\/p>\n\n\n\n<p>Es war ein toller Nachmittag voller neuer Erfahrungen!<\/p>\n","protected":false},"excerpt":{"rendered":"<p>Noticia original de la p\u00e1gina web de la APYMA Paderborn El viernes 24 de mayo tuvo lugar la I Jornada Cultural organizada por la APYMA Paderborn, consistente en diferentes clases que el alumnado podr\u00e1 elegir como actividades extraescolares el curso que viene. Queremos agradecer especialmente a la empresa Lacturale su generosidad al ofrecernos sus productos [&hellip;]<\/p>\n","protected":false},"author":3,"featured_media":6388,"comment_status":"open","ping_status":"open","sticky":false,"template":"","format":"standard","meta":{"_genesis_hide_title":false,"_genesis_hide_breadcrumbs":false,"_genesis_hide_singular_image":false,"_genesis_hide_footer_widgets":false,"_genesis_custom_body_class":"","_genesis_custom_post_class":"","_genesis_layout":"","jetpack_post_was_ever_published":false,"_jetpack_newsletter_access":"","_jetpack_dont_email_post_to_subs":false,"_jetpack_newsletter_tier_id":0,"_jetpack_memberships_contains_paywalled_content":false,"footnotes":"","_jetpack_memberships_contains_paid_content":false,"jetpack_publicize_message":"","jetpack_publicize_feature_enabled":true,"jetpack_social_post_already_shared":true,"jetpack_social_options":{"image_generator_settings":{"template":"highway","enabled":false}}},"categories":[11,1],"tags":[],"jetpack_publicize_connections":[],"jetpack_featured_media_url":"https:\/\/cppaderborn.educacion.navarra.es\/web\/wp-content\/uploads\/2024\/06\/JCultural.png","jetpack_sharing_enabled":true,"jetpack_likes_enabled":true,"_links":{"self":[{"href":"https:\/\/cppaderborn.educacion.navarra.es\/web\/wp-json\/wp\/v2\/posts\/6387"}],"collection":[{"href":"https:\/\/cppaderborn.educacion.navarra.es\/web\/wp-json\/wp\/v2\/posts"}],"about":[{"href":"https:\/\/cppaderborn.educacion.navarra.es\/web\/wp-json\/wp\/v2\/types\/post"}],"author":[{"embeddable":true,"href":"https:\/\/cppaderborn.educacion.navarra.es\/web\/wp-json\/wp\/v2\/users\/3"}],"replies":[{"embeddable":true,"href":"https:\/\/cppaderborn.educacion.navarra.es\/web\/wp-json\/wp\/v2\/comments?post=6387"}],"version-history":[{"count":1,"href":"https:\/\/cppaderborn.educacion.navarra.es\/web\/wp-json\/wp\/v2\/posts\/6387\/revisions"}],"predecessor-version":[{"id":6389,"href":"https:\/\/cppaderborn.educacion.navarra.es\/web\/wp-json\/wp\/v2\/posts\/6387\/revisions\/6389"}],"wp:featuredmedia":[{"embeddable":true,"href":"https:\/\/cppaderborn.educacion.navarra.es\/web\/wp-json\/wp\/v2\/media\/6388"}],"wp:attachment":[{"href":"https:\/\/cppaderborn.educacion.navarra.es\/web\/wp-json\/wp\/v2\/media?parent=6387"}],"wp:term":[{"taxonomy":"category","embeddable":true,"href":"https:\/\/cppaderborn.educacion.navarra.es\/web\/wp-json\/wp\/v2\/categories?post=6387"},{"taxonomy":"post_tag","embeddable":true,"href":"https:\/\/cppaderborn.educacion.navarra.es\/web\/wp-json\/wp\/v2\/tags?post=6387"}],"curies":[{"name":"wp","href":"https:\/\/api.w.org\/{rel}","templated":true}]}}