{"id":676,"date":"2014-10-01T15:34:35","date_gmt":"2014-10-01T13:34:35","guid":{"rendered":"http:\/\/cppaderborn.educacion.navarra.es\/web\/?p=676"},"modified":"2014-10-06T16:32:45","modified_gmt":"2014-10-06T14:32:45","slug":"educar-en-valores","status":"publish","type":"post","link":"https:\/\/cppaderborn.educacion.navarra.es\/web\/blog\/educar-en-valores\/","title":{"rendered":"Educar en Valores"},"content":{"rendered":"<p><a href=\"https:\/\/cppaderborn.educacion.navarra.es\/web\/wp-content\/uploads\/2014\/10\/valores1.jpg\"><img fetchpriority=\"high\" decoding=\"async\" class=\"aligncenter size-full wp-image-758\" src=\"https:\/\/cppaderborn.educacion.navarra.es\/web\/wp-content\/uploads\/2014\/10\/valores1.jpg\" alt=\"valores1\" width=\"768\" height=\"576\" srcset=\"https:\/\/cppaderborn.educacion.navarra.es\/web\/wp-content\/uploads\/2014\/10\/valores1.jpg 768w, https:\/\/cppaderborn.educacion.navarra.es\/web\/wp-content\/uploads\/2014\/10\/valores1-300x225.jpg 300w\" sizes=\"(max-width: 768px) 100vw, 768px\" \/><\/a>La educaci\u00f3n a lo largo de la vida se basa en cuatro pilares: aprender a conocer, aprender a hacer, aprender a vivir juntos, aprender a ser<\/p>\n<p>\u2022 <span style=\"color: #800000;\">Aprender a conocer,<\/span><br \/>\ncombinando una cultura general suficientemente amplia con la posibilidad de profundizar los conocimientos en un peque\u00f1o n\u00famero de materias. Lo que supone adem\u00e1s: aprender a aprender para poder aprovechar las posibilidades que ofrece la educaci\u00f3n a lo largo de la vida.<br \/>\n\u2022 <span style=\"color: #9e810d;\">Aprender a hacer<\/span><br \/>\na fin de adquirir no s\u00f3lo una calificaci\u00f3n profesional sino, mas generalmente, una competencia que capacite al individuo para hacer frente a gran n\u00famero de situaciones y a trabajar en equipo. Pero, tambi\u00e9n, aprender a hacer en el marco de las distintas experiencias sociales o de trabajo que se ofrecen a los j\u00f3venes y adolescentes, bien espont\u00e1neamente a causa del contexto social o nacional, bien formalmente gracias al desarrollo de la ense\u00f1anza por alternancia.<br \/>\n\u2022 <span style=\"color: #993366;\">Aprender a vivir juntos<\/span><br \/>\ndesarrollando la comprensi\u00f3n del otro y la percepci\u00f3n de las formas de interdependencia realizar proyectos comunes y prepararse para tratar los conflictos respetando los valores de pluralismo, comprensi\u00f3n mutua y paz.<br \/>\n\u2022 <span style=\"color: #008000;\">Aprender a ser<\/span><br \/>\npara que florezca mejor la propia personalidad y se est\u00e9 en condiciones de obrar con creciente capacidad de autonom\u00eda, de juicio y de responsabilidad personal. Con tal fin, no menospreciar en la educaci\u00f3n ninguna de las posibilidades de cada individuo: memoria, razonamiento, sentido est\u00e9tico, capacidades f\u00edsicas, aptitud para comunicar&#8230;<\/p>\n<p>No damos prioridad a la adquisici\u00f3n de conocimientos, en detrimento de otras formas de aprendizaje, sino que concebimos la educaci\u00f3n como un todo. En esa concepci\u00f3n buscamos tambi\u00e9n inspiraci\u00f3n y orientaci\u00f3n las reformas educativas, tanto en la elaboraci\u00f3n de los programas como en la definici\u00f3n de las nuevas pol\u00edticas pedag\u00f3gicas.<\/p>\n","protected":false},"excerpt":{"rendered":"<p>* aprender a conocer,<br \/>\n* aprender a hacer,<br \/>\n* aprender a convivir y<br \/>\n* aprender a ser.<\/p>\n","protected":false},"author":1,"featured_media":687,"comment_status":"open","ping_status":"open","sticky":false,"template":"","format":"standard","meta":{"_genesis_hide_title":false,"_genesis_hide_breadcrumbs":false,"_genesis_hide_singular_image":false,"_genesis_hide_footer_widgets":false,"_genesis_custom_body_class":"","_genesis_custom_post_class":"","_genesis_layout":"","jetpack_post_was_ever_published":false,"_jetpack_newsletter_access":"","_jetpack_dont_email_post_to_subs":false,"_jetpack_newsletter_tier_id":0,"_jetpack_memberships_contains_paywalled_content":false,"footnotes":"","_jetpack_memberships_contains_paid_content":false,"jetpack_publicize_message":"","jetpack_publicize_feature_enabled":true,"jetpack_social_post_already_shared":false,"jetpack_social_options":{"image_generator_settings":{"template":"highway","enabled":false}}},"categories":[11],"tags":[],"jetpack_publicize_connections":[],"jetpack_featured_media_url":"https:\/\/cppaderborn.educacion.navarra.es\/web\/wp-content\/uploads\/2014\/10\/images1E2PCKTD1.jpg","jetpack_sharing_enabled":true,"jetpack_likes_enabled":true,"_links":{"self":[{"href":"https:\/\/cppaderborn.educacion.navarra.es\/web\/wp-json\/wp\/v2\/posts\/676"}],"collection":[{"href":"https:\/\/cppaderborn.educacion.navarra.es\/web\/wp-json\/wp\/v2\/posts"}],"about":[{"href":"https:\/\/cppaderborn.educacion.navarra.es\/web\/wp-json\/wp\/v2\/types\/post"}],"author":[{"embeddable":true,"href":"https:\/\/cppaderborn.educacion.navarra.es\/web\/wp-json\/wp\/v2\/users\/1"}],"replies":[{"embeddable":true,"href":"https:\/\/cppaderborn.educacion.navarra.es\/web\/wp-json\/wp\/v2\/comments?post=676"}],"version-history":[{"count":7,"href":"https:\/\/cppaderborn.educacion.navarra.es\/web\/wp-json\/wp\/v2\/posts\/676\/revisions"}],"predecessor-version":[{"id":776,"href":"https:\/\/cppaderborn.educacion.navarra.es\/web\/wp-json\/wp\/v2\/posts\/676\/revisions\/776"}],"wp:featuredmedia":[{"embeddable":true,"href":"https:\/\/cppaderborn.educacion.navarra.es\/web\/wp-json\/wp\/v2\/media\/687"}],"wp:attachment":[{"href":"https:\/\/cppaderborn.educacion.navarra.es\/web\/wp-json\/wp\/v2\/media?parent=676"}],"wp:term":[{"taxonomy":"category","embeddable":true,"href":"https:\/\/cppaderborn.educacion.navarra.es\/web\/wp-json\/wp\/v2\/categories?post=676"},{"taxonomy":"post_tag","embeddable":true,"href":"https:\/\/cppaderborn.educacion.navarra.es\/web\/wp-json\/wp\/v2\/tags?post=676"}],"curies":[{"name":"wp","href":"https:\/\/api.w.org\/{rel}","templated":true}]}}