{"id":6949,"date":"2025-04-09T11:43:26","date_gmt":"2025-04-09T09:43:26","guid":{"rendered":"https:\/\/cppaderborn.educacion.navarra.es\/web\/?p=6949"},"modified":"2025-05-12T13:14:07","modified_gmt":"2025-05-12T11:14:07","slug":"charla-de-deporte-femenino-en-centros-escolares-marta-beorlegui","status":"publish","type":"post","link":"https:\/\/cppaderborn.educacion.navarra.es\/web\/blog\/charla-de-deporte-femenino-en-centros-escolares-marta-beorlegui\/","title":{"rendered":"Charla de deporte femenino en centros escolares &#8211; Marta Beorlegui"},"content":{"rendered":"\n<p>El Instituto Navarro del Deporte y Actividad F\u00edsica (INDAF) ha organizado nuevamente el&nbsp;<strong>PROGRAMA de \u00abCHARLAS DE DEPORTE FEMENINO EN CENTROS ESCOLARES<\/strong>\u00bb durante el curso escolar 2024\/2025.&nbsp;Este PROGRAMA pretende VISIBILIZAR, PROMOCIONAR y AFIANZAR el deporte femenino a trav\u00e9s de las CHARLAS PRESENCIALES en Centros escolares.<\/p>\n\n\n\n<p>En nuestro colegio, hemos contado con la visita de <strong>Marta Beorlegui Os\u00e9s<\/strong>, judoca navarra con una gran trayectoria y futuro del judo femenino espa\u00f1ol, del Centro de Tecnificaci\u00f3n Larrabide.<\/p>\n\n\n\n<p>Marta ha dado una charla al alumnado de 5\u00ba de Primaria sobre sus inicios en el deporte, sus logros, sus esfuerzos, etc. Tambi\u00e9n ha explicado con detalle en qu\u00e9 consiste esta disciplina deportiva y la importancia de la t\u00e9cnica, las categor\u00edas existentes y otras caracter\u00edsticas que han mantenido absorto al alumnado, quien ha tenido un tiempo para plantear dudas y resolver curiosidades que han ido surgiendo.<\/p>\n\n\n\n<p>Tras la parte te\u00f3rica, se ha dispuesto un tatami con colchonetas y Marta nos ha ense\u00f1ado c\u00f3mo son los agarres en Judo, las inmovilizaciones y ca\u00eddas. La mayor parte del alumnado, quienes han querido participar, han puesto en pr\u00e1ctica lo aprendido. Su cara de entusiasmo ha sido el resultado de esta experiencia tan satisfactoria, en la que Marta ha conseguido poner en valor el objetivo del programa y ha motivado al alumnado a practicar este deporte.<\/p>\n\n\n\n<figure class=\"wp-block-image size-large\"><a href=\"https:\/\/photos.app.goo.gl\/vMkx2Z4xUSjcP7Hx9\" target=\"_blank\" rel=\"noreferrer noopener\"><img fetchpriority=\"high\" decoding=\"async\" width=\"1024\" height=\"575\" src=\"https:\/\/cppaderborn.educacion.navarra.es\/web\/wp-content\/uploads\/2025\/04\/gfotos_beorlegui2025-1024x575.jpg\" alt=\"\" class=\"wp-image-7002\" srcset=\"https:\/\/cppaderborn.educacion.navarra.es\/web\/wp-content\/uploads\/2025\/04\/gfotos_beorlegui2025-1024x575.jpg 1024w, https:\/\/cppaderborn.educacion.navarra.es\/web\/wp-content\/uploads\/2025\/04\/gfotos_beorlegui2025-300x168.jpg 300w, https:\/\/cppaderborn.educacion.navarra.es\/web\/wp-content\/uploads\/2025\/04\/gfotos_beorlegui2025-768x431.jpg 768w, https:\/\/cppaderborn.educacion.navarra.es\/web\/wp-content\/uploads\/2025\/04\/gfotos_beorlegui2025.jpg 1477w\" sizes=\"(max-width: 1024px) 100vw, 1024px\" \/><\/a><\/figure>\n","protected":false},"excerpt":{"rendered":"<p>El Instituto Navarro del Deporte y Actividad F\u00edsica (INDAF) ha organizado nuevamente el&nbsp;PROGRAMA de \u00abCHARLAS DE DEPORTE FEMENINO EN CENTROS ESCOLARES\u00bb durante el curso escolar 2024\/2025.&nbsp;Este PROGRAMA pretende VISIBILIZAR, PROMOCIONAR y AFIANZAR el deporte femenino a trav\u00e9s de las CHARLAS PRESENCIALES en Centros escolares. En nuestro colegio, hemos contado con la visita de Marta Beorlegui [&hellip;]<\/p>\n","protected":false},"author":3,"featured_media":6950,"comment_status":"open","ping_status":"open","sticky":false,"template":"","format":"standard","meta":{"_genesis_hide_title":false,"_genesis_hide_breadcrumbs":false,"_genesis_hide_singular_image":false,"_genesis_hide_footer_widgets":false,"_genesis_custom_body_class":"","_genesis_custom_post_class":"","_genesis_layout":"","jetpack_post_was_ever_published":false,"_jetpack_newsletter_access":"","_jetpack_dont_email_post_to_subs":false,"_jetpack_newsletter_tier_id":0,"_jetpack_memberships_contains_paywalled_content":false,"footnotes":"","_jetpack_memberships_contains_paid_content":false,"jetpack_publicize_message":"","jetpack_publicize_feature_enabled":true,"jetpack_social_post_already_shared":true,"jetpack_social_options":{"image_generator_settings":{"template":"highway","enabled":false}}},"categories":[11,1,70,71],"tags":[],"jetpack_publicize_connections":[],"jetpack_featured_media_url":"https:\/\/cppaderborn.educacion.navarra.es\/web\/wp-content\/uploads\/2025\/04\/20250409_094119.jpg","jetpack_sharing_enabled":true,"jetpack_likes_enabled":true,"_links":{"self":[{"href":"https:\/\/cppaderborn.educacion.navarra.es\/web\/wp-json\/wp\/v2\/posts\/6949"}],"collection":[{"href":"https:\/\/cppaderborn.educacion.navarra.es\/web\/wp-json\/wp\/v2\/posts"}],"about":[{"href":"https:\/\/cppaderborn.educacion.navarra.es\/web\/wp-json\/wp\/v2\/types\/post"}],"author":[{"embeddable":true,"href":"https:\/\/cppaderborn.educacion.navarra.es\/web\/wp-json\/wp\/v2\/users\/3"}],"replies":[{"embeddable":true,"href":"https:\/\/cppaderborn.educacion.navarra.es\/web\/wp-json\/wp\/v2\/comments?post=6949"}],"version-history":[{"count":2,"href":"https:\/\/cppaderborn.educacion.navarra.es\/web\/wp-json\/wp\/v2\/posts\/6949\/revisions"}],"predecessor-version":[{"id":7004,"href":"https:\/\/cppaderborn.educacion.navarra.es\/web\/wp-json\/wp\/v2\/posts\/6949\/revisions\/7004"}],"wp:featuredmedia":[{"embeddable":true,"href":"https:\/\/cppaderborn.educacion.navarra.es\/web\/wp-json\/wp\/v2\/media\/6950"}],"wp:attachment":[{"href":"https:\/\/cppaderborn.educacion.navarra.es\/web\/wp-json\/wp\/v2\/media?parent=6949"}],"wp:term":[{"taxonomy":"category","embeddable":true,"href":"https:\/\/cppaderborn.educacion.navarra.es\/web\/wp-json\/wp\/v2\/categories?post=6949"},{"taxonomy":"post_tag","embeddable":true,"href":"https:\/\/cppaderborn.educacion.navarra.es\/web\/wp-json\/wp\/v2\/tags?post=6949"}],"curies":[{"name":"wp","href":"https:\/\/api.w.org\/{rel}","templated":true}]}}