{"id":7116,"date":"2025-09-08T14:08:33","date_gmt":"2025-09-08T12:08:33","guid":{"rendered":"https:\/\/cppaderborn.educacion.navarra.es\/web\/?p=7116"},"modified":"2025-09-08T14:08:50","modified_gmt":"2025-09-08T12:08:50","slug":"bienvenida-al-curso-2025-2026-reuniones-de-comienzo-de-curso","status":"publish","type":"post","link":"https:\/\/cppaderborn.educacion.navarra.es\/web\/blog\/bienvenida-al-curso-2025-2026-reuniones-de-comienzo-de-curso\/","title":{"rendered":"Bienvenida al curso 2025-2026. Reuniones de comienzo de curso"},"content":{"rendered":"\n<p>\u00a1Bienvenidas familias al nuevo curso escolar 2025-2026!<\/p>\n\n\n\n<p>Desde el colegio p\u00fablico Paderborn-Lezkairu queremos daros una c\u00e1lida bienvenida a este nuevo curso.&nbsp;<\/p>\n\n\n\n<p>Como cada a\u00f1o, comenzamos con las reuniones de inicio de curso entre el profesorado y las familias. Estas reuniones son una oportunidad clave para compartir informaci\u00f3n importante sobre el desarrollo del curso, resolver dudas y fortalecer la comunicaci\u00f3n entre el colegio y las familias.<\/p>\n\n\n\n<p>Fechas de las reuniones de inicio de curso:<\/p>\n\n\n\n<ul>\n<li><strong>Lunes 22 de septiembre: 1\u00ba, 2\u00ba y 3\u00ba de Educaci\u00f3n Infantil<\/strong><\/li>\n\n\n\n<li><strong>Mi\u00e9rcoles 24 de septiembre: 1\u00ba y 2\u00ba de Educaci\u00f3n Primaria<\/strong><\/li>\n\n\n\n<li><strong>Lunes 29 de septiembre: 3\u00ba y 4\u00ba de Educaci\u00f3n Primaria<\/strong><\/li>\n\n\n\n<li><strong>Martes 30 de septiembre:\u00a0 6\u00ba EBOI, 5\u00ba y 6\u00ba de Educaci\u00f3n Primaria\u00a0<\/strong><\/li>\n<\/ul>\n\n\n\n<p>Horario:&nbsp;Todas las reuniones comenzar\u00e1n a las 16:00 horas.<br>Importante:&nbsp;El alumnado no podr\u00e1 asistir a las reuniones.<\/p>\n\n\n\n<p>Servicio de guarder\u00eda:<br>Para facilitar vuestra asistencia, se ofrecer\u00e1 un servicio de guarder\u00eda durante las reuniones.<\/p>\n\n\n\n<ul>\n<li><strong>Inscripci\u00f3n<\/strong>:\u00a0<a href=\"https:\/\/forms.gle\/sNz7DYrVrWXy2RGJ9\">Es necesario apuntarse hasta el viernes 19 de septiembre a las 20:00 horas.\u00a0<img decoding=\"async\" src=\"https:\/\/fonts.gstatic.com\/s\/e\/notoemoji\/16.0\/27a1_fe0f\/32.png\" alt=\"\u27a1\ufe0f\">\u00a0APUNTARSE AQU\u00cd<\/a><\/li>\n\n\n\n<li><strong>Coste<\/strong>:\u00a03\u20ac por ni\u00f1o o ni\u00f1a.<\/li>\n\n\n\n<li><strong>Forma de pago<\/strong>:\u00a0El pago se realizar\u00e1 en el momento de entrega en el\u00a0comedor de Infantil, pudiendo abonarse con tarjeta o en efectivo (se ruega traer el importe exacto en caso de pagar en efectivo).<\/li>\n<\/ul>\n\n\n\n<p>Os animamos a participar en estas reuniones, ya que son el primer paso para construir un curso lleno de aprendizajes, experiencias y momentos inolvidables.<\/p>\n\n\n\n<p>\u00a1Os esperamos con ilusi\u00f3n!<\/p>\n\n\n\n<p>Un cordial saludo,<br>El equipo del colegio Paderborn-Lezkairu<\/p>\n","protected":false},"excerpt":{"rendered":"<p>\u00a1Bienvenidas familias al nuevo curso escolar 2025-2026! Desde el colegio p\u00fablico Paderborn-Lezkairu queremos daros una c\u00e1lida bienvenida a este nuevo curso.&nbsp; Como cada a\u00f1o, comenzamos con las reuniones de inicio de curso entre el profesorado y las familias. Estas reuniones son una oportunidad clave para compartir informaci\u00f3n importante sobre el desarrollo del curso, resolver dudas [&hellip;]<\/p>\n","protected":false},"author":3,"featured_media":7117,"comment_status":"open","ping_status":"open","sticky":false,"template":"","format":"standard","meta":{"_genesis_hide_title":false,"_genesis_hide_breadcrumbs":false,"_genesis_hide_singular_image":false,"_genesis_hide_footer_widgets":false,"_genesis_custom_body_class":"","_genesis_custom_post_class":"","_genesis_layout":"","jetpack_post_was_ever_published":false,"_jetpack_newsletter_access":"","_jetpack_dont_email_post_to_subs":false,"_jetpack_newsletter_tier_id":0,"_jetpack_memberships_contains_paywalled_content":false,"footnotes":"","_jetpack_memberships_contains_paid_content":false,"jetpack_publicize_message":"","jetpack_publicize_feature_enabled":true,"jetpack_social_post_already_shared":true,"jetpack_social_options":{"image_generator_settings":{"template":"highway","enabled":false}}},"categories":[11,1,62],"tags":[],"jetpack_publicize_connections":[],"jetpack_featured_media_url":"https:\/\/cppaderborn.educacion.navarra.es\/web\/wp-content\/uploads\/2025\/09\/Soy-del-Paderborn-2025-2026-scaled.jpg","jetpack_sharing_enabled":true,"jetpack_likes_enabled":true,"_links":{"self":[{"href":"https:\/\/cppaderborn.educacion.navarra.es\/web\/wp-json\/wp\/v2\/posts\/7116"}],"collection":[{"href":"https:\/\/cppaderborn.educacion.navarra.es\/web\/wp-json\/wp\/v2\/posts"}],"about":[{"href":"https:\/\/cppaderborn.educacion.navarra.es\/web\/wp-json\/wp\/v2\/types\/post"}],"author":[{"embeddable":true,"href":"https:\/\/cppaderborn.educacion.navarra.es\/web\/wp-json\/wp\/v2\/users\/3"}],"replies":[{"embeddable":true,"href":"https:\/\/cppaderborn.educacion.navarra.es\/web\/wp-json\/wp\/v2\/comments?post=7116"}],"version-history":[{"count":1,"href":"https:\/\/cppaderborn.educacion.navarra.es\/web\/wp-json\/wp\/v2\/posts\/7116\/revisions"}],"predecessor-version":[{"id":7118,"href":"https:\/\/cppaderborn.educacion.navarra.es\/web\/wp-json\/wp\/v2\/posts\/7116\/revisions\/7118"}],"wp:featuredmedia":[{"embeddable":true,"href":"https:\/\/cppaderborn.educacion.navarra.es\/web\/wp-json\/wp\/v2\/media\/7117"}],"wp:attachment":[{"href":"https:\/\/cppaderborn.educacion.navarra.es\/web\/wp-json\/wp\/v2\/media?parent=7116"}],"wp:term":[{"taxonomy":"category","embeddable":true,"href":"https:\/\/cppaderborn.educacion.navarra.es\/web\/wp-json\/wp\/v2\/categories?post=7116"},{"taxonomy":"post_tag","embeddable":true,"href":"https:\/\/cppaderborn.educacion.navarra.es\/web\/wp-json\/wp\/v2\/tags?post=7116"}],"curies":[{"name":"wp","href":"https:\/\/api.w.org\/{rel}","templated":true}]}}