{"id":7149,"date":"2025-09-25T09:45:11","date_gmt":"2025-09-25T07:45:11","guid":{"rendered":"https:\/\/cppaderborn.educacion.navarra.es\/web\/?p=7149"},"modified":"2025-09-25T09:45:13","modified_gmt":"2025-09-25T07:45:13","slug":"gogoz-itzuli-gara-eskolara-hemos-vuelto-al-cole-con-muchas-ganas","status":"publish","type":"post","link":"https:\/\/cppaderborn.educacion.navarra.es\/web\/blog\/gogoz-itzuli-gara-eskolara-hemos-vuelto-al-cole-con-muchas-ganas\/","title":{"rendered":"Gogoz itzuli gara eskolara! \u00a1Hemos vuelto al cole con muchas ganas!"},"content":{"rendered":"\n<figure class=\"wp-block-image size-large\"><a href=\"https:\/\/cppaderborn.educacion.navarra.es\/web\/wp-content\/uploads\/2025\/09\/1758722180362-1-scaled.jpg\"><img fetchpriority=\"high\" decoding=\"async\" width=\"1024\" height=\"1024\" src=\"https:\/\/cppaderborn.educacion.navarra.es\/web\/wp-content\/uploads\/2025\/09\/1758722180362-1-1024x1024.jpg\" alt=\"\" class=\"wp-image-7150\" srcset=\"https:\/\/cppaderborn.educacion.navarra.es\/web\/wp-content\/uploads\/2025\/09\/1758722180362-1-1024x1024.jpg 1024w, https:\/\/cppaderborn.educacion.navarra.es\/web\/wp-content\/uploads\/2025\/09\/1758722180362-1-300x300.jpg 300w, https:\/\/cppaderborn.educacion.navarra.es\/web\/wp-content\/uploads\/2025\/09\/1758722180362-1-150x150.jpg 150w, https:\/\/cppaderborn.educacion.navarra.es\/web\/wp-content\/uploads\/2025\/09\/1758722180362-1-768x768.jpg 768w, https:\/\/cppaderborn.educacion.navarra.es\/web\/wp-content\/uploads\/2025\/09\/1758722180362-1-1536x1536.jpg 1536w, https:\/\/cppaderborn.educacion.navarra.es\/web\/wp-content\/uploads\/2025\/09\/1758722180362-1-2048x2048.jpg 2048w\" sizes=\"(max-width: 1024px) 100vw, 1024px\" \/><\/a><\/figure>\n\n\n\n<p>Iazko ikasturtea oso berezia izan zen gure ikastetxearentzat, aurrerapauso garrantzitsua eman genuelako: D eredua ireki genuen! Bide berri bat, euskaraz ikasi, hazi eta elkarrekin bizitzeko, hurbiltasunetik, aniztasunetik eta gure hizkuntzarekiko konpromisotik abiatuta.<\/p>\n\n\n\n<p>Urtean zehar une ahaztezinak bizi ditugu. Abenduan ilusio handiz hartu genituen Olentzero eta Mari Domingi, magiaz, kantuz eta irribarrez bete gintuztelako. Inauterietan indarrez eta alaitasunez esnatu genuen auzoa joaldunez mozorrotuta, eta esperientzia horrek gure sustrai eta tradiziorik benetakoenekin lotu gintuen.<\/p>\n\n\n\n<p>Gainera, gogotsu parte hartu genuen Euskaraldian, \u00abaho bizi\u00bb gisa parte hartu baikenuen, ikasgelan eta ikasgelatik kanpo euskararen erabilera bultzatuz. Asko ikasi genuen proiektuen bidez, eta esperientzia aberasgarriak izan genituen, hala nola, baserrira bisita egitea, landa-inguruneko bizimodua eta animalien zaintza gertutik ezagutzeko.<\/p>\n\n\n\n<p>Nabarmendu nahi dugu, halaber, zein aberasgarria izaten ari den ikastetxeko eredu alemaniarrarekin bizitzea. Egunez egun, espazioak, jolasak eta ikaskuntzak partekatzen ditugu, eta hizkuntza-ereduen arteko elkarbizitza hori aukera zoragarria da elkar osatzeko eta ikasteko, errespetua, aniztasuna eta elkar ulertzea txikitatik sustatuz.<\/p>\n\n\n\n<p>Eta aurten&#8230; inoiz baino gogotsuago itzuliko gara! Abentura, ikaskuntza eta emozio berriak izango ditugu zain, eta, gainera, gure familiara kide berriak etorri dira!<\/p>\n\n\n\n<p>Ikasturte berriari ekiteko prest, ilusionatuta eta topera gaude. Gure ikastetxean, euskara ez da hizkuntza bat bakarrik, bizitzeko, elkarrekin jolasteko eta komunitatea eraikitzeko modu bat da.<\/p>\n\n\n\n<p>Gora euskara eta gora gure eskola!<\/p>\n\n\n\n<p><strong>Lorea Ayesa eta Ane Villanueva<\/strong><\/p>\n\n\n\n<p>_________________________<\/p>\n\n\n\n<p>El curso pasado fue un a\u00f1o muy especial para nuestro colegio, ya que dimos un paso adelante muy importante: \u00a1abrimos el modelo D! Un nuevo camino que nos permite aprender, crecer y convivir en euskera, desde la cercan\u00eda, la diversidad y el compromiso con nuestra lengua.<\/p>\n\n\n\n<p>Durante el a\u00f1o vivimos momentos inolvidables. En diciembre recibimos con much\u00edsima ilusi\u00f3n a Olentzero y Mari Domingi, que nos llenaron de magia, canciones y sonrisas. En Carnaval despertamos al barrio con fuerza y alegr\u00eda disfrazados de zampanzar, una experiencia que nos conect\u00f3 con nuestras ra\u00edces y tradiciones m\u00e1s aut\u00e9nticas.<\/p>\n\n\n\n<p>Adem\u00e1s, participamos con entusiasmo en el Euskaraldia, donde fuimos parte activa como \u00abaho bizi\u00bb, impulsando el uso del euskera dentro y fuera del aula. Aprendimos much\u00edsimo a trav\u00e9s de nuestros proyectos educativos, con experiencias tan enriquecedoras como la visita a una granja, donde conocimos de cerca la vida en el entorno rural y el cuidado de los animales.<\/p>\n\n\n\n<p>Queremos destacar tambi\u00e9n lo enriquecedora que est\u00e1 siendo la convivencia con el modelo alem\u00e1n del colegio. D\u00eda a d\u00eda compartimos espacios, juegos y aprendizajes, y esta convivencia entre modelos ling\u00fc\u00edsticos es una oportunidad maravillosa para complementarnos y aprender los unos de los otros, fomentando el respeto, la diversidad y el entendimiento desde peque\u00f1os.<\/p>\n\n\n\n<p>Y este a\u00f1o\u2026 \u00a1volvemos con m\u00e1s ganas que nunca! Nos esperan nuevas aventuras, aprendizajes y emociones, y adem\u00e1s, damos la bienvenida a nuevos integrantes que ya forman parte de nuestra familia.<\/p>\n\n\n\n<p>Estamos preparados, ilusionados y a tope para comenzar el nuevo curso. En nuestro colegio, el euskera no es solo una lengua, es una forma de vivir, de convivir y de construir comunidad.<\/p>\n\n\n\n<p>Gora euskara eta gora gure eskola!<\/p>\n\n\n\n<p><strong>Lorea Ayesa y Ane Villanueva<\/strong><\/p>\n","protected":false},"excerpt":{"rendered":"<p>Iazko ikasturtea oso berezia izan zen gure ikastetxearentzat, aurrerapauso garrantzitsua eman genuelako: D eredua ireki genuen! Bide berri bat, euskaraz ikasi, hazi eta elkarrekin bizitzeko, hurbiltasunetik, aniztasunetik eta gure hizkuntzarekiko konpromisotik abiatuta. Urtean zehar une ahaztezinak bizi ditugu. Abenduan ilusio handiz hartu genituen Olentzero eta Mari Domingi, magiaz, kantuz eta irribarrez bete gintuztelako. Inauterietan indarrez [&hellip;]<\/p>\n","protected":false},"author":3,"featured_media":7150,"comment_status":"open","ping_status":"open","sticky":false,"template":"","format":"standard","meta":{"_genesis_hide_title":false,"_genesis_hide_breadcrumbs":false,"_genesis_hide_singular_image":false,"_genesis_hide_footer_widgets":false,"_genesis_custom_body_class":"","_genesis_custom_post_class":"","_genesis_layout":"","jetpack_post_was_ever_published":false,"_jetpack_newsletter_access":"","_jetpack_dont_email_post_to_subs":false,"_jetpack_newsletter_tier_id":0,"_jetpack_memberships_contains_paywalled_content":false,"footnotes":"","_jetpack_memberships_contains_paid_content":false,"jetpack_publicize_message":"","jetpack_publicize_feature_enabled":true,"jetpack_social_post_already_shared":true,"jetpack_social_options":{"image_generator_settings":{"template":"highway","enabled":false}}},"categories":[11,17,1],"tags":[],"jetpack_publicize_connections":[],"jetpack_featured_media_url":"https:\/\/cppaderborn.educacion.navarra.es\/web\/wp-content\/uploads\/2025\/09\/1758722180362-1-scaled.jpg","jetpack_sharing_enabled":true,"jetpack_likes_enabled":true,"_links":{"self":[{"href":"https:\/\/cppaderborn.educacion.navarra.es\/web\/wp-json\/wp\/v2\/posts\/7149"}],"collection":[{"href":"https:\/\/cppaderborn.educacion.navarra.es\/web\/wp-json\/wp\/v2\/posts"}],"about":[{"href":"https:\/\/cppaderborn.educacion.navarra.es\/web\/wp-json\/wp\/v2\/types\/post"}],"author":[{"embeddable":true,"href":"https:\/\/cppaderborn.educacion.navarra.es\/web\/wp-json\/wp\/v2\/users\/3"}],"replies":[{"embeddable":true,"href":"https:\/\/cppaderborn.educacion.navarra.es\/web\/wp-json\/wp\/v2\/comments?post=7149"}],"version-history":[{"count":1,"href":"https:\/\/cppaderborn.educacion.navarra.es\/web\/wp-json\/wp\/v2\/posts\/7149\/revisions"}],"predecessor-version":[{"id":7151,"href":"https:\/\/cppaderborn.educacion.navarra.es\/web\/wp-json\/wp\/v2\/posts\/7149\/revisions\/7151"}],"wp:featuredmedia":[{"embeddable":true,"href":"https:\/\/cppaderborn.educacion.navarra.es\/web\/wp-json\/wp\/v2\/media\/7150"}],"wp:attachment":[{"href":"https:\/\/cppaderborn.educacion.navarra.es\/web\/wp-json\/wp\/v2\/media?parent=7149"}],"wp:term":[{"taxonomy":"category","embeddable":true,"href":"https:\/\/cppaderborn.educacion.navarra.es\/web\/wp-json\/wp\/v2\/categories?post=7149"},{"taxonomy":"post_tag","embeddable":true,"href":"https:\/\/cppaderborn.educacion.navarra.es\/web\/wp-json\/wp\/v2\/tags?post=7149"}],"curies":[{"name":"wp","href":"https:\/\/api.w.org\/{rel}","templated":true}]}}