{"id":7578,"date":"2026-03-12T14:20:06","date_gmt":"2026-03-12T13:20:06","guid":{"rendered":"https:\/\/cppaderborn.educacion.navarra.es\/web\/?p=7578"},"modified":"2026-03-12T14:20:09","modified_gmt":"2026-03-12T13:20:09","slug":"campana-de-preinscripcion-con-presencia-de-paderborn-lezkairu","status":"publish","type":"post","link":"https:\/\/cppaderborn.educacion.navarra.es\/web\/blog\/campana-de-preinscripcion-con-presencia-de-paderborn-lezkairu\/","title":{"rendered":"Campa\u00f1a de preinscripci\u00f3n con presencia de Paderborn-Lezkairu"},"content":{"rendered":"\n<p>El&nbsp;CPEIP Paderborn-Lezkairu (Pamplona)&nbsp;ha participado en un&nbsp;v\u00eddeo de la campa\u00f1a&nbsp;vinculado al periodo de&nbsp;preinscripci\u00f3n, en una iniciativa de difusi\u00f3n de la&nbsp;escuela p\u00fablica&nbsp;y de la&nbsp;ense\u00f1anza de lenguas extranjeras.<\/p>\n\n\n\n<p>La participaci\u00f3n del centro se ha realizado a propuesta de la\u00a0APYMA Paderborn, que est\u00e1\u00a0federada en BRITILA\u00a0(Federaci\u00f3n de Asociaciones de Padres y Madres (APYMAS) de colegios p\u00fablicos de Navarra\u00a0que apoya e impulsa la educaci\u00f3n biling\u00fce (ingl\u00e9s-castellano\/alem\u00e1n-castellano).<\/p>\n\n\n\n<figure class=\"wp-block-embed is-type-video is-provider-youtube wp-block-embed-youtube wp-embed-aspect-16-9 wp-has-aspect-ratio\"><div class=\"wp-block-embed__wrapper\">\n<iframe title=\"Campa\u00f1a de preinscripci\u00f3n con presencia de Paderborn-Lezkairu\" width=\"500\" height=\"281\" src=\"https:\/\/www.youtube.com\/embed\/HMukKZBZTf4?feature=oembed\" frameborder=\"0\" allow=\"accelerometer; autoplay; clipboard-write; encrypted-media; gyroscope; picture-in-picture; web-share\" referrerpolicy=\"strict-origin-when-cross-origin\" allowfullscreen><\/iframe>\n<\/div><\/figure>\n","protected":false},"excerpt":{"rendered":"<p>El&nbsp;CPEIP Paderborn-Lezkairu (Pamplona)&nbsp;ha participado en un&nbsp;v\u00eddeo de la campa\u00f1a&nbsp;vinculado al periodo de&nbsp;preinscripci\u00f3n, en una iniciativa de difusi\u00f3n de la&nbsp;escuela p\u00fablica&nbsp;y de la&nbsp;ense\u00f1anza de lenguas extranjeras. La participaci\u00f3n del centro se ha realizado a propuesta de la\u00a0APYMA Paderborn, que est\u00e1\u00a0federada en BRITILA\u00a0(Federaci\u00f3n de Asociaciones de Padres y Madres (APYMAS) de colegios p\u00fablicos de Navarra\u00a0que apoya e [&hellip;]<\/p>\n","protected":false},"author":3,"featured_media":7579,"comment_status":"open","ping_status":"open","sticky":false,"template":"","format":"standard","meta":{"_genesis_hide_title":false,"_genesis_hide_breadcrumbs":false,"_genesis_hide_singular_image":false,"_genesis_hide_footer_widgets":false,"_genesis_custom_body_class":"","_genesis_custom_post_class":"","_genesis_layout":"","jetpack_post_was_ever_published":false,"_jetpack_newsletter_access":"","_jetpack_dont_email_post_to_subs":false,"_jetpack_newsletter_tier_id":0,"_jetpack_memberships_contains_paywalled_content":false,"footnotes":"","_jetpack_memberships_contains_paid_content":false,"jetpack_publicize_message":"","jetpack_publicize_feature_enabled":true,"jetpack_social_post_already_shared":true,"jetpack_social_options":{"image_generator_settings":{"template":"highway","enabled":false}}},"categories":[11,17,1,62],"tags":[],"jetpack_publicize_connections":[],"jetpack_featured_media_url":"https:\/\/cppaderborn.educacion.navarra.es\/web\/wp-content\/uploads\/2026\/03\/2026-03-12-14_19_16-Configuracion.jpg","jetpack_sharing_enabled":true,"jetpack_likes_enabled":true,"_links":{"self":[{"href":"https:\/\/cppaderborn.educacion.navarra.es\/web\/wp-json\/wp\/v2\/posts\/7578"}],"collection":[{"href":"https:\/\/cppaderborn.educacion.navarra.es\/web\/wp-json\/wp\/v2\/posts"}],"about":[{"href":"https:\/\/cppaderborn.educacion.navarra.es\/web\/wp-json\/wp\/v2\/types\/post"}],"author":[{"embeddable":true,"href":"https:\/\/cppaderborn.educacion.navarra.es\/web\/wp-json\/wp\/v2\/users\/3"}],"replies":[{"embeddable":true,"href":"https:\/\/cppaderborn.educacion.navarra.es\/web\/wp-json\/wp\/v2\/comments?post=7578"}],"version-history":[{"count":1,"href":"https:\/\/cppaderborn.educacion.navarra.es\/web\/wp-json\/wp\/v2\/posts\/7578\/revisions"}],"predecessor-version":[{"id":7580,"href":"https:\/\/cppaderborn.educacion.navarra.es\/web\/wp-json\/wp\/v2\/posts\/7578\/revisions\/7580"}],"wp:featuredmedia":[{"embeddable":true,"href":"https:\/\/cppaderborn.educacion.navarra.es\/web\/wp-json\/wp\/v2\/media\/7579"}],"wp:attachment":[{"href":"https:\/\/cppaderborn.educacion.navarra.es\/web\/wp-json\/wp\/v2\/media?parent=7578"}],"wp:term":[{"taxonomy":"category","embeddable":true,"href":"https:\/\/cppaderborn.educacion.navarra.es\/web\/wp-json\/wp\/v2\/categories?post=7578"},{"taxonomy":"post_tag","embeddable":true,"href":"https:\/\/cppaderborn.educacion.navarra.es\/web\/wp-json\/wp\/v2\/tags?post=7578"}],"curies":[{"name":"wp","href":"https:\/\/api.w.org\/{rel}","templated":true}]}}