{"id":7587,"date":"2026-03-13T10:29:01","date_gmt":"2026-03-13T09:29:01","guid":{"rendered":"https:\/\/cppaderborn.educacion.navarra.es\/web\/?p=7587"},"modified":"2026-03-13T10:29:03","modified_gmt":"2026-03-13T09:29:03","slug":"sembrando-suenos-en-el-patio-de-educacion-infantil","status":"publish","type":"post","link":"https:\/\/cppaderborn.educacion.navarra.es\/web\/blog\/sembrando-suenos-en-el-patio-de-educacion-infantil\/","title":{"rendered":"Sembrando sue\u00f1os en el patio de educaci\u00f3n infantil"},"content":{"rendered":"\n<p><strong><em>Autores\/as: Profesorado del proyecto de patios 2025\/2026.<\/em><\/strong><\/p>\n\n\n\n<p>Desde hace varios cursos, el CPEIP Paderborn-Lezkairu trabaja en la dinamizaci\u00f3n de los patios de recreo de educaci\u00f3n primaria con el fin de favorecer en el alumnado actividades de ocio, lectura, m\u00fasica, arte y actividad f\u00edsica.&nbsp;<\/p>\n\n\n\n<p>Este curso escolar, el grupo de profesorado del proyecto de patios inicia en el <strong>patio de infantil<\/strong> una propuesta para incentivar la dinamizaci\u00f3n en el alumnado de educaci\u00f3n infantil durante el recreo.<\/p>\n\n\n\n<p>Se plantea una propuesta art\u00edstica en el aula Atelier, una sala de m\u00fasica y coreograf\u00eda, zona de juegos populares en movimiento, zona de lectura, zona de juegos de&nbsp; mesa l\u00f3gico-matem\u00e1ticos y espacios de juego libre en las instalaciones de madera (tren y cocina).<\/p>\n\n\n\n<p>De esta forma todo el alumnado de educaci\u00f3n infantil puede acceder de forma libre a estas zonas en las que el profesorado plantea iniciativas de juego y ocio.\u00a0<\/p>\n\n\n\n<figure class=\"wp-block-image size-large\"><a href=\"https:\/\/photos.app.goo.gl\/gbALWHfZPcK8VGg3A\" target=\"_blank\" rel=\"noreferrer noopener\"><img fetchpriority=\"high\" decoding=\"async\" width=\"1024\" height=\"379\" src=\"https:\/\/cppaderborn.educacion.navarra.es\/web\/wp-content\/uploads\/2026\/03\/proyecto-patios-infantil-1024x379.jpg\" alt=\"\" class=\"wp-image-7589\" srcset=\"https:\/\/cppaderborn.educacion.navarra.es\/web\/wp-content\/uploads\/2026\/03\/proyecto-patios-infantil-1024x379.jpg 1024w, https:\/\/cppaderborn.educacion.navarra.es\/web\/wp-content\/uploads\/2026\/03\/proyecto-patios-infantil-300x111.jpg 300w, https:\/\/cppaderborn.educacion.navarra.es\/web\/wp-content\/uploads\/2026\/03\/proyecto-patios-infantil-768x284.jpg 768w, https:\/\/cppaderborn.educacion.navarra.es\/web\/wp-content\/uploads\/2026\/03\/proyecto-patios-infantil-1536x568.jpg 1536w, https:\/\/cppaderborn.educacion.navarra.es\/web\/wp-content\/uploads\/2026\/03\/proyecto-patios-infantil.jpg 1658w\" sizes=\"(max-width: 1024px) 100vw, 1024px\" \/><\/a><\/figure>\n\n\n\n<p>Esta propuesta completa el programa de patios del colegio, adscritos a Proyectos de Innovaci\u00f3n del Departamento de Educaci\u00f3n del Gobierno de Navarra durante varios cursos y al proyecto de primaria 2025\/2026 del&nbsp; Programa Deporte Edad Escolar Instituto Navarro de Deporte y la Actividad F\u00edsica, vinculados principalmente a prevenir la obesidad infantil y promover la actividad f\u00edsica en la comunidad educativa.<\/p>\n\n\n\n<p>La l\u00ednea del colegio est\u00e1 planteada para que el alumnado durante los nueve cursos de escolarizaci\u00f3n disponga de alternativas de ocio y deporte durante los tiempos de patio, atendiendo las diferentes necesidades y con el fin de favorecer una educaci\u00f3n integral.<\/p>\n","protected":false},"excerpt":{"rendered":"<p>Autores\/as: Profesorado del proyecto de patios 2025\/2026. Desde hace varios cursos, el CPEIP Paderborn-Lezkairu trabaja en la dinamizaci\u00f3n de los patios de recreo de educaci\u00f3n primaria con el fin de favorecer en el alumnado actividades de ocio, lectura, m\u00fasica, arte y actividad f\u00edsica.&nbsp; Este curso escolar, el grupo de profesorado del proyecto de patios inicia [&hellip;]<\/p>\n","protected":false},"author":3,"featured_media":7588,"comment_status":"open","ping_status":"open","sticky":false,"template":"","format":"standard","meta":{"_genesis_hide_title":false,"_genesis_hide_breadcrumbs":false,"_genesis_hide_singular_image":false,"_genesis_hide_footer_widgets":false,"_genesis_custom_body_class":"","_genesis_custom_post_class":"","_genesis_layout":"","jetpack_post_was_ever_published":false,"_jetpack_newsletter_access":"","_jetpack_dont_email_post_to_subs":false,"_jetpack_newsletter_tier_id":0,"_jetpack_memberships_contains_paywalled_content":false,"footnotes":"","_jetpack_memberships_contains_paid_content":false,"jetpack_publicize_message":"","jetpack_publicize_feature_enabled":true,"jetpack_social_post_already_shared":true,"jetpack_social_options":{"image_generator_settings":{"template":"highway","enabled":false}}},"categories":[11,1],"tags":[],"jetpack_publicize_connections":[],"jetpack_featured_media_url":"https:\/\/cppaderborn.educacion.navarra.es\/web\/wp-content\/uploads\/2026\/03\/Foto-portada-patios-infantil-1.jpg","jetpack_sharing_enabled":true,"jetpack_likes_enabled":true,"_links":{"self":[{"href":"https:\/\/cppaderborn.educacion.navarra.es\/web\/wp-json\/wp\/v2\/posts\/7587"}],"collection":[{"href":"https:\/\/cppaderborn.educacion.navarra.es\/web\/wp-json\/wp\/v2\/posts"}],"about":[{"href":"https:\/\/cppaderborn.educacion.navarra.es\/web\/wp-json\/wp\/v2\/types\/post"}],"author":[{"embeddable":true,"href":"https:\/\/cppaderborn.educacion.navarra.es\/web\/wp-json\/wp\/v2\/users\/3"}],"replies":[{"embeddable":true,"href":"https:\/\/cppaderborn.educacion.navarra.es\/web\/wp-json\/wp\/v2\/comments?post=7587"}],"version-history":[{"count":1,"href":"https:\/\/cppaderborn.educacion.navarra.es\/web\/wp-json\/wp\/v2\/posts\/7587\/revisions"}],"predecessor-version":[{"id":7590,"href":"https:\/\/cppaderborn.educacion.navarra.es\/web\/wp-json\/wp\/v2\/posts\/7587\/revisions\/7590"}],"wp:featuredmedia":[{"embeddable":true,"href":"https:\/\/cppaderborn.educacion.navarra.es\/web\/wp-json\/wp\/v2\/media\/7588"}],"wp:attachment":[{"href":"https:\/\/cppaderborn.educacion.navarra.es\/web\/wp-json\/wp\/v2\/media?parent=7587"}],"wp:term":[{"taxonomy":"category","embeddable":true,"href":"https:\/\/cppaderborn.educacion.navarra.es\/web\/wp-json\/wp\/v2\/categories?post=7587"},{"taxonomy":"post_tag","embeddable":true,"href":"https:\/\/cppaderborn.educacion.navarra.es\/web\/wp-json\/wp\/v2\/tags?post=7587"}],"curies":[{"name":"wp","href":"https:\/\/api.w.org\/{rel}","templated":true}]}}