{"id":7591,"date":"2026-03-20T09:00:00","date_gmt":"2026-03-20T08:00:00","guid":{"rendered":"https:\/\/cppaderborn.educacion.navarra.es\/web\/?p=7591"},"modified":"2026-03-20T11:52:38","modified_gmt":"2026-03-20T10:52:38","slug":"infantil-3-anos-proyecto-artistico-inspirado-en-judith-scott","status":"publish","type":"post","link":"https:\/\/cppaderborn.educacion.navarra.es\/web\/blog\/infantil-3-anos-proyecto-artistico-inspirado-en-judith-scott\/","title":{"rendered":"Infantil 3 a\u00f1os: Proyecto art\u00edstico inspirado en Judith Scott"},"content":{"rendered":"\n<p><strong><em>Escrito por Bel\u00e9n Jim\u00e9nez, tutora de 1\u00ba Ed. Infantil<\/em><\/strong><\/p>\n\n\n\n<p>El alumnado de&nbsp;Infantil 3 a\u00f1os&nbsp;ha desarrollado un proyecto creativo inspirado en la obra de&nbsp;Judith Scott, artista reconocida por sus esculturas textiles realizadas mediante envolturas y nudos de fibras, lanas y materiales diversos.<\/p>\n\n\n\n<figure class=\"wp-block-image size-large\"><a href=\"https:\/\/photos.app.goo.gl\/wHkxFSLuEbLw1CoV7\" target=\"_blank\" rel=\"noreferrer noopener\"><img fetchpriority=\"high\" decoding=\"async\" width=\"1024\" height=\"609\" src=\"https:\/\/cppaderborn.educacion.navarra.es\/web\/wp-content\/uploads\/2026\/03\/2026-03-20-11_51_56--1024x609.jpg\" alt=\"\" class=\"wp-image-7597\" srcset=\"https:\/\/cppaderborn.educacion.navarra.es\/web\/wp-content\/uploads\/2026\/03\/2026-03-20-11_51_56--1024x609.jpg 1024w, https:\/\/cppaderborn.educacion.navarra.es\/web\/wp-content\/uploads\/2026\/03\/2026-03-20-11_51_56--300x179.jpg 300w, https:\/\/cppaderborn.educacion.navarra.es\/web\/wp-content\/uploads\/2026\/03\/2026-03-20-11_51_56--768x457.jpg 768w, https:\/\/cppaderborn.educacion.navarra.es\/web\/wp-content\/uploads\/2026\/03\/2026-03-20-11_51_56-.jpg 1109w\" sizes=\"(max-width: 1024px) 100vw, 1024px\" \/><\/a><\/figure>\n\n\n\n<p>Judith Scott fue una mujer con&nbsp;s\u00edndrome de Down&nbsp;y&nbsp;discapacidad auditiva, y su trayectoria nos ha servido para acercar al aula una mirada que une&nbsp;arte, diversidad e inclusi\u00f3n. A trav\u00e9s de su historia y de su forma de crear, el grupo ha explorado el valor de la expresi\u00f3n art\u00edstica como lenguaje propio, m\u00e1s all\u00e1 de las palabras.<\/p>\n\n\n\n<p>Durante el proyecto hemos trabajado especialmente:<\/p>\n\n\n\n<ul>\n<li>Creatividad y experimentaci\u00f3n&nbsp;con materiales (lanas, telas, cuerdas, elementos reciclados).&nbsp;<\/li>\n\n\n\n<li>Motricidad fina&nbsp;y coordinaci\u00f3n \u00f3culo-manual mediante acciones de enrollar, atar, envolver y construir.<\/li>\n\n\n\n<li>Inclusi\u00f3n y respeto a la diversidad, poniendo en valor distintas formas de comunicaci\u00f3n y participaci\u00f3n.<\/li>\n\n\n\n<li>La visibilizaci\u00f3n de&nbsp;mujeres con discapacidad&nbsp;y su aportaci\u00f3n al mundo social y cultural.<\/li>\n<\/ul>\n\n\n\n<p>Este tipo de propuestas conectan con la identidad de nuestro centro, que se caracteriza por su compromiso con la&nbsp;inclusi\u00f3n&nbsp;y, de forma especial, por su larga historia&nbsp;de atenci\u00f3n al alumnado con discapacidad auditiva, impulsando entornos y pr\u00e1cticas que favorezcan la participaci\u00f3n de todo el alumnado.<\/p>\n\n\n\n<figure class=\"wp-block-embed is-type-video is-provider-youtube wp-block-embed-youtube wp-embed-aspect-16-9 wp-has-aspect-ratio\"><div class=\"wp-block-embed__wrapper\">\n<iframe title=\"Proyecto art\u00edstico inspirado en Judith Scott\" width=\"500\" height=\"281\" src=\"https:\/\/www.youtube.com\/embed\/IBUWzBTKWgU?feature=oembed\" frameborder=\"0\" allow=\"accelerometer; autoplay; clipboard-write; encrypted-media; gyroscope; picture-in-picture; web-share\" referrerpolicy=\"strict-origin-when-cross-origin\" allowfullscreen><\/iframe>\n<\/div><\/figure>\n\n\n\n<p>Os animamos a visitar la exposici\u00f3n, situada en el&nbsp;hall del colegio, donde podr\u00e9is ver las creaciones del alumnado y el proceso de trabajo realizado en el aula.<\/p>\n","protected":false},"excerpt":{"rendered":"<p>Escrito por Bel\u00e9n Jim\u00e9nez, tutora de 1\u00ba Ed. Infantil El alumnado de&nbsp;Infantil 3 a\u00f1os&nbsp;ha desarrollado un proyecto creativo inspirado en la obra de&nbsp;Judith Scott, artista reconocida por sus esculturas textiles realizadas mediante envolturas y nudos de fibras, lanas y materiales diversos. Judith Scott fue una mujer con&nbsp;s\u00edndrome de Down&nbsp;y&nbsp;discapacidad auditiva, y su trayectoria nos ha [&hellip;]<\/p>\n","protected":false},"author":3,"featured_media":7593,"comment_status":"open","ping_status":"open","sticky":false,"template":"","format":"standard","meta":{"_genesis_hide_title":false,"_genesis_hide_breadcrumbs":false,"_genesis_hide_singular_image":false,"_genesis_hide_footer_widgets":false,"_genesis_custom_body_class":"","_genesis_custom_post_class":"","_genesis_layout":"","jetpack_post_was_ever_published":false,"_jetpack_newsletter_access":"","_jetpack_dont_email_post_to_subs":false,"_jetpack_newsletter_tier_id":0,"_jetpack_memberships_contains_paywalled_content":false,"footnotes":"","_jetpack_memberships_contains_paid_content":false,"jetpack_publicize_message":"","jetpack_publicize_feature_enabled":true,"jetpack_social_post_already_shared":true,"jetpack_social_options":{"image_generator_settings":{"template":"highway","enabled":false}}},"categories":[11,17,1],"tags":[],"jetpack_publicize_connections":[],"jetpack_featured_media_url":"https:\/\/cppaderborn.educacion.navarra.es\/web\/wp-content\/uploads\/2026\/03\/1772800815949.jpg","jetpack_sharing_enabled":true,"jetpack_likes_enabled":true,"_links":{"self":[{"href":"https:\/\/cppaderborn.educacion.navarra.es\/web\/wp-json\/wp\/v2\/posts\/7591"}],"collection":[{"href":"https:\/\/cppaderborn.educacion.navarra.es\/web\/wp-json\/wp\/v2\/posts"}],"about":[{"href":"https:\/\/cppaderborn.educacion.navarra.es\/web\/wp-json\/wp\/v2\/types\/post"}],"author":[{"embeddable":true,"href":"https:\/\/cppaderborn.educacion.navarra.es\/web\/wp-json\/wp\/v2\/users\/3"}],"replies":[{"embeddable":true,"href":"https:\/\/cppaderborn.educacion.navarra.es\/web\/wp-json\/wp\/v2\/comments?post=7591"}],"version-history":[{"count":3,"href":"https:\/\/cppaderborn.educacion.navarra.es\/web\/wp-json\/wp\/v2\/posts\/7591\/revisions"}],"predecessor-version":[{"id":7598,"href":"https:\/\/cppaderborn.educacion.navarra.es\/web\/wp-json\/wp\/v2\/posts\/7591\/revisions\/7598"}],"wp:featuredmedia":[{"embeddable":true,"href":"https:\/\/cppaderborn.educacion.navarra.es\/web\/wp-json\/wp\/v2\/media\/7593"}],"wp:attachment":[{"href":"https:\/\/cppaderborn.educacion.navarra.es\/web\/wp-json\/wp\/v2\/media?parent=7591"}],"wp:term":[{"taxonomy":"category","embeddable":true,"href":"https:\/\/cppaderborn.educacion.navarra.es\/web\/wp-json\/wp\/v2\/categories?post=7591"},{"taxonomy":"post_tag","embeddable":true,"href":"https:\/\/cppaderborn.educacion.navarra.es\/web\/wp-json\/wp\/v2\/tags?post=7591"}],"curies":[{"name":"wp","href":"https:\/\/api.w.org\/{rel}","templated":true}]}}