{"id":7646,"date":"2026-04-21T10:37:16","date_gmt":"2026-04-21T08:37:16","guid":{"rendered":"https:\/\/cppaderborn.educacion.navarra.es\/web\/?p=7646"},"modified":"2026-04-21T10:39:40","modified_gmt":"2026-04-21T08:39:40","slug":"una-intercambio-de-cuento-de-hadas-eine-marchenhafte-austauschwoche","status":"publish","type":"post","link":"https:\/\/cppaderborn.educacion.navarra.es\/web\/blog\/una-intercambio-de-cuento-de-hadas-eine-marchenhafte-austauschwoche\/","title":{"rendered":"\u00a1Un intercambio de cuentos de hadas!\u00a0&#8211; Eine m\u00e4rchenhafte Austauschwoche!\u00a0"},"content":{"rendered":"\n<p><strong><em>Escrito por Yari Garc\u00eda, tutora de 6\u00ba B<\/em><\/strong><\/p>\n\n\n\n<p>Nuestro alumnado ha vivido una experiencia incre\u00edble en este intercambio: aprendizaje, cultura\u2026 \u00a1y hasta cuentos de hadas! Todo empez\u00f3 con la llegada y el encuentro con las familias anfitrionas, que los recibieron con mucha alegr\u00eda. En el cole alem\u00e1n pudieron ver de cerca c\u00f3mo es su d\u00eda a d\u00eda y compartir clases con estudiantes locales.<\/p>\n\n\n\n<p>Uno de los mejores momentos fue la excursi\u00f3n a Marburg, dentro del proyecto sobre los Hermanos Grimm. Pasearon por la ciudad descubriendo esculturas de cuentos y viendo c\u00f3mo la literatura cobra vida. Tambi\u00e9n visitaron Frankfurt: subieron a un rascacielos, dieron un paseo en barco por el Main y probaron comida t\u00edpica. \u00a1Incluso pasaron por un mercado ecol\u00f3gico!<\/p>\n\n\n\n<p>De vuelta en el cole, trabajaron en un proyecto muy divertido: transformaron cuentos en figuras 3D con impresoras. Y para terminar, disfrutaron de un buffet con especialidades alemanas junto a familias y profes.<\/p>\n\n\n\n<p>El intercambio termin\u00f3 con un \u00faltimo d\u00eda en familia antes de volver a Espa\u00f1a, con nuevos amigos, un mont\u00f3n de recuerdos\u2026 \u00a1y ganas de repetir!<\/p>\n\n\n\n<figure class=\"wp-block-image size-large\"><a href=\"https:\/\/photos.app.goo.gl\/DCSkuMenyiFFLspM6\" target=\"_blank\" rel=\"noreferrer noopener\"><img fetchpriority=\"high\" decoding=\"async\" width=\"1024\" height=\"548\" src=\"https:\/\/cppaderborn.educacion.navarra.es\/web\/wp-content\/uploads\/2026\/04\/2026-04-21-10_35_59--1024x548.jpg\" alt=\"\" class=\"wp-image-7647\" srcset=\"https:\/\/cppaderborn.educacion.navarra.es\/web\/wp-content\/uploads\/2026\/04\/2026-04-21-10_35_59--1024x548.jpg 1024w, https:\/\/cppaderborn.educacion.navarra.es\/web\/wp-content\/uploads\/2026\/04\/2026-04-21-10_35_59--300x160.jpg 300w, https:\/\/cppaderborn.educacion.navarra.es\/web\/wp-content\/uploads\/2026\/04\/2026-04-21-10_35_59--768x411.jpg 768w, https:\/\/cppaderborn.educacion.navarra.es\/web\/wp-content\/uploads\/2026\/04\/2026-04-21-10_35_59-.jpg 1324w\" sizes=\"(max-width: 1024px) 100vw, 1024px\" \/><\/a><\/figure>\n\n\n\n<p><strong>Eine m\u00e4rchenhafte Austauschwoche!&nbsp;<\/strong><\/p>\n\n\n\n<p>Unsere Sch\u00fclerinnen und Sch\u00fcler haben eine tolle Austauschwoche erlebt \u2013 voller Lernen, Kultur und M\u00e4rchen! Nach der Ankunft wurden sie herzlich von ihren Gastfamilien aufgenommen und konnten am n\u00e4chsten Tag direkt den Schulalltag in Deutschland kennenlernen.<\/p>\n\n\n\n<p>Ein Highlight war der Ausflug nach Marburg im Projekt zu den Br\u00fcdern Grimm: M\u00e4rchenfiguren in der Stadt entdecken und sehen, wie Geschichten lebendig werden. In Frankfurt ging\u2019s hoch hinaus auf einen Wolkenkratzer, dazu eine Bootsfahrt auf dem Main und typisch deutsches Essen. Auch ein Biomarkt stand auf dem Programm.<\/p>\n\n\n\n<p>Zur\u00fcck in der Schule wurde es kreativ: M\u00e4rchen wurden mit 3D-Druckern zum Leben erweckt. Zum Abschluss gab es ein gemeinsames Buffet mit Familien und Lehrkr\u00e4ften.<\/p>\n\n\n\n<p>Nach einem letzten Tag mit den Gastfamilien ging es zur\u00fcck nach Spanien \u2013 mit vielen Erinnerungen, neuen Freundschaften und Lust auf mehr!<\/p>\n","protected":false},"excerpt":{"rendered":"<p>Escrito por Yari Garc\u00eda, tutora de 6\u00ba B Nuestro alumnado ha vivido una experiencia incre\u00edble en este intercambio: aprendizaje, cultura\u2026 \u00a1y hasta cuentos de hadas! Todo empez\u00f3 con la llegada y el encuentro con las familias anfitrionas, que los recibieron con mucha alegr\u00eda. En el cole alem\u00e1n pudieron ver de cerca c\u00f3mo es su d\u00eda [&hellip;]<\/p>\n","protected":false},"author":3,"featured_media":7648,"comment_status":"open","ping_status":"open","sticky":false,"template":"","format":"standard","meta":{"_genesis_hide_title":false,"_genesis_hide_breadcrumbs":false,"_genesis_hide_singular_image":false,"_genesis_hide_footer_widgets":false,"_genesis_custom_body_class":"","_genesis_custom_post_class":"","_genesis_layout":"","jetpack_post_was_ever_published":false,"_jetpack_newsletter_access":"","_jetpack_dont_email_post_to_subs":false,"_jetpack_newsletter_tier_id":0,"_jetpack_memberships_contains_paywalled_content":false,"footnotes":"","_jetpack_memberships_contains_paid_content":false,"jetpack_publicize_message":"","jetpack_publicize_feature_enabled":true,"jetpack_social_post_already_shared":true,"jetpack_social_options":{"image_generator_settings":{"template":"highway","enabled":false}}},"categories":[11,19,1,62],"tags":[],"jetpack_publicize_connections":[],"jetpack_featured_media_url":"https:\/\/cppaderborn.educacion.navarra.es\/web\/wp-content\/uploads\/2026\/04\/2026-04-21-10_34_11-Greenshot.jpg","jetpack_sharing_enabled":true,"jetpack_likes_enabled":true,"_links":{"self":[{"href":"https:\/\/cppaderborn.educacion.navarra.es\/web\/wp-json\/wp\/v2\/posts\/7646"}],"collection":[{"href":"https:\/\/cppaderborn.educacion.navarra.es\/web\/wp-json\/wp\/v2\/posts"}],"about":[{"href":"https:\/\/cppaderborn.educacion.navarra.es\/web\/wp-json\/wp\/v2\/types\/post"}],"author":[{"embeddable":true,"href":"https:\/\/cppaderborn.educacion.navarra.es\/web\/wp-json\/wp\/v2\/users\/3"}],"replies":[{"embeddable":true,"href":"https:\/\/cppaderborn.educacion.navarra.es\/web\/wp-json\/wp\/v2\/comments?post=7646"}],"version-history":[{"count":2,"href":"https:\/\/cppaderborn.educacion.navarra.es\/web\/wp-json\/wp\/v2\/posts\/7646\/revisions"}],"predecessor-version":[{"id":7653,"href":"https:\/\/cppaderborn.educacion.navarra.es\/web\/wp-json\/wp\/v2\/posts\/7646\/revisions\/7653"}],"wp:featuredmedia":[{"embeddable":true,"href":"https:\/\/cppaderborn.educacion.navarra.es\/web\/wp-json\/wp\/v2\/media\/7648"}],"wp:attachment":[{"href":"https:\/\/cppaderborn.educacion.navarra.es\/web\/wp-json\/wp\/v2\/media?parent=7646"}],"wp:term":[{"taxonomy":"category","embeddable":true,"href":"https:\/\/cppaderborn.educacion.navarra.es\/web\/wp-json\/wp\/v2\/categories?post=7646"},{"taxonomy":"post_tag","embeddable":true,"href":"https:\/\/cppaderborn.educacion.navarra.es\/web\/wp-json\/wp\/v2\/tags?post=7646"}],"curies":[{"name":"wp","href":"https:\/\/api.w.org\/{rel}","templated":true}]}}