{"id":7658,"date":"2026-04-30T16:03:25","date_gmt":"2026-04-30T14:03:25","guid":{"rendered":"https:\/\/cppaderborn.educacion.navarra.es\/web\/?p=7658"},"modified":"2026-04-30T16:03:26","modified_gmt":"2026-04-30T14:03:26","slug":"campana-escolar-de-hielo-2026","status":"publish","type":"post","link":"https:\/\/cppaderborn.educacion.navarra.es\/web\/blog\/campana-escolar-de-hielo-2026\/","title":{"rendered":"Campa\u00f1a Escolar de Hielo 2026"},"content":{"rendered":"\n<p>Nuestro alumnado de 5\u00ba de Ed. Primaria ha participado en la Campa\u00f1a Escolar de Hielo 2026. La iniciativa ofrece una jornada pr\u00e1ctica de 4 horas en el Palacio de\u00a0Hielo\u00a0de Huarte, donde el alumnado ha descubierto el\u00a0hielo\u00a0como medio de juego, aprendizaje y convivencia. Las sesiones, que tuvieron lugar ayer mi\u00e9rcoles d\u00eda 29 de abril, incluyeron actividades de iniciaci\u00f3n al patinaje, juegos y din\u00e1micas educativas adaptadas a las distintas edades y capacidades, con un enfoque inclusivo y vivencial que busca fomentar la actividad f\u00edsica y los valores inherentes a la pr\u00e1ctica deportiva.<\/p>\n\n\n\n<p>Un curso m\u00e1s, \u00a1La actividad fue un \u00e9xito rotundo!<\/p>\n\n\n\n<figure class=\"wp-block-image size-large\"><a href=\"https:\/\/photos.app.goo.gl\/UjWeoBKB2NYTnxUf7\" target=\"_blank\" rel=\"noreferrer noopener\"><img fetchpriority=\"high\" decoding=\"async\" width=\"1024\" height=\"599\" src=\"https:\/\/cppaderborn.educacion.navarra.es\/web\/wp-content\/uploads\/2026\/04\/2026-04-30-16_02_26-Fotos-Hielo-20260430T135757Z-3-001-Explorador-de-archivos-1024x599.jpg\" alt=\"\" class=\"wp-image-7659\" srcset=\"https:\/\/cppaderborn.educacion.navarra.es\/web\/wp-content\/uploads\/2026\/04\/2026-04-30-16_02_26-Fotos-Hielo-20260430T135757Z-3-001-Explorador-de-archivos-1024x599.jpg 1024w, https:\/\/cppaderborn.educacion.navarra.es\/web\/wp-content\/uploads\/2026\/04\/2026-04-30-16_02_26-Fotos-Hielo-20260430T135757Z-3-001-Explorador-de-archivos-300x176.jpg 300w, https:\/\/cppaderborn.educacion.navarra.es\/web\/wp-content\/uploads\/2026\/04\/2026-04-30-16_02_26-Fotos-Hielo-20260430T135757Z-3-001-Explorador-de-archivos-768x449.jpg 768w, https:\/\/cppaderborn.educacion.navarra.es\/web\/wp-content\/uploads\/2026\/04\/2026-04-30-16_02_26-Fotos-Hielo-20260430T135757Z-3-001-Explorador-de-archivos.jpg 1326w\" sizes=\"(max-width: 1024px) 100vw, 1024px\" \/><\/a><\/figure>\n","protected":false},"excerpt":{"rendered":"<p>Nuestro alumnado de 5\u00ba de Ed. Primaria ha participado en la Campa\u00f1a Escolar de Hielo 2026. La iniciativa ofrece una jornada pr\u00e1ctica de 4 horas en el Palacio de\u00a0Hielo\u00a0de Huarte, donde el alumnado ha descubierto el\u00a0hielo\u00a0como medio de juego, aprendizaje y convivencia. Las sesiones, que tuvieron lugar ayer mi\u00e9rcoles d\u00eda 29 de abril, incluyeron actividades [&hellip;]<\/p>\n","protected":false},"author":3,"featured_media":7659,"comment_status":"open","ping_status":"open","sticky":false,"template":"","format":"standard","meta":{"_genesis_hide_title":false,"_genesis_hide_breadcrumbs":false,"_genesis_hide_singular_image":false,"_genesis_hide_footer_widgets":false,"_genesis_custom_body_class":"","_genesis_custom_post_class":"","_genesis_layout":"","jetpack_post_was_ever_published":false,"_jetpack_newsletter_access":"","_jetpack_dont_email_post_to_subs":false,"_jetpack_newsletter_tier_id":0,"_jetpack_memberships_contains_paywalled_content":false,"footnotes":"","_jetpack_memberships_contains_paid_content":false,"jetpack_publicize_message":"","jetpack_publicize_feature_enabled":true,"jetpack_social_post_already_shared":true,"jetpack_social_options":{"image_generator_settings":{"template":"highway","enabled":false}}},"categories":[11,17,1,70],"tags":[],"jetpack_publicize_connections":[],"jetpack_featured_media_url":"https:\/\/cppaderborn.educacion.navarra.es\/web\/wp-content\/uploads\/2026\/04\/2026-04-30-16_02_26-Fotos-Hielo-20260430T135757Z-3-001-Explorador-de-archivos.jpg","jetpack_sharing_enabled":true,"jetpack_likes_enabled":true,"_links":{"self":[{"href":"https:\/\/cppaderborn.educacion.navarra.es\/web\/wp-json\/wp\/v2\/posts\/7658"}],"collection":[{"href":"https:\/\/cppaderborn.educacion.navarra.es\/web\/wp-json\/wp\/v2\/posts"}],"about":[{"href":"https:\/\/cppaderborn.educacion.navarra.es\/web\/wp-json\/wp\/v2\/types\/post"}],"author":[{"embeddable":true,"href":"https:\/\/cppaderborn.educacion.navarra.es\/web\/wp-json\/wp\/v2\/users\/3"}],"replies":[{"embeddable":true,"href":"https:\/\/cppaderborn.educacion.navarra.es\/web\/wp-json\/wp\/v2\/comments?post=7658"}],"version-history":[{"count":1,"href":"https:\/\/cppaderborn.educacion.navarra.es\/web\/wp-json\/wp\/v2\/posts\/7658\/revisions"}],"predecessor-version":[{"id":7660,"href":"https:\/\/cppaderborn.educacion.navarra.es\/web\/wp-json\/wp\/v2\/posts\/7658\/revisions\/7660"}],"wp:featuredmedia":[{"embeddable":true,"href":"https:\/\/cppaderborn.educacion.navarra.es\/web\/wp-json\/wp\/v2\/media\/7659"}],"wp:attachment":[{"href":"https:\/\/cppaderborn.educacion.navarra.es\/web\/wp-json\/wp\/v2\/media?parent=7658"}],"wp:term":[{"taxonomy":"category","embeddable":true,"href":"https:\/\/cppaderborn.educacion.navarra.es\/web\/wp-json\/wp\/v2\/categories?post=7658"},{"taxonomy":"post_tag","embeddable":true,"href":"https:\/\/cppaderborn.educacion.navarra.es\/web\/wp-json\/wp\/v2\/tags?post=7658"}],"curies":[{"name":"wp","href":"https:\/\/api.w.org\/{rel}","templated":true}]}}