{"id":768,"date":"2014-10-04T23:28:31","date_gmt":"2014-10-04T21:28:31","guid":{"rendered":"http:\/\/cppaderborn.educacion.navarra.es\/web\/?p=768"},"modified":"2014-10-08T10:43:40","modified_gmt":"2014-10-08T08:43:40","slug":"visita-comision-de-educacion-del-parlamento-de-navarra","status":"publish","type":"post","link":"https:\/\/cppaderborn.educacion.navarra.es\/web\/blog\/visita-comision-de-educacion-del-parlamento-de-navarra\/","title":{"rendered":"Visita Comisi\u00f3n de Educaci\u00f3n del Parlamento de Navarra"},"content":{"rendered":"<p>La <a href=\"http:\/\/www.parlamentodenavarra.es\/43\/section.aspx\/viewgrupo\/250\"><span style=\"color: #800000;\">Comisi\u00f3n de Educaci\u00f3ndel Parlamento de Navarra<\/span><\/a> ha visitado el d\u00eda 7 de Octubre el Colegio P\u00fablico Paderborn-V\u00edctor Pradera, para conocer integramente nuestro proyecto educativo, proyecto pluriling\u00fce, que como sabemos comenz\u00f3 en el curso 2013-14 con los ni\u00f1os\/as de 3 a\u00f1os. Este proyecto es bling\u00fce alem\u00e1n-espa\u00f1ol con ingl\u00e9s de forma totalmente curricular. De momento, comprende dos \u00fanicos cursos acad\u00e9micos, 1<a href=\"https:\/\/cppaderborn.educacion.navarra.es\/web\/wp-content\/uploads\/2014\/10\/img_3988.jpg\"><img fetchpriority=\"high\" decoding=\"async\" class=\"aligncenter size-full wp-image-784\" src=\"https:\/\/cppaderborn.educacion.navarra.es\/web\/wp-content\/uploads\/2014\/10\/img_3988.jpg\" alt=\"img_3988\" width=\"580\" height=\"435\" srcset=\"https:\/\/cppaderborn.educacion.navarra.es\/web\/wp-content\/uploads\/2014\/10\/img_3988.jpg 580w, https:\/\/cppaderborn.educacion.navarra.es\/web\/wp-content\/uploads\/2014\/10\/img_3988-300x225.jpg 300w\" sizes=\"(max-width: 580px) 100vw, 580px\" \/><\/a>\u00ba y 2\u00ba de Educaci\u00f3n Infantil, e ir\u00e1 avanzado hasta cubrir toda la escolaridad.<\/p>\n<p>Los miembros de la Comisi\u00f3n que han asistido han sido Carmen Gonz\u00e1lez, Esteban Garijo, Ram\u00f3n Casado (G.P. UPN), Miren Aranoa (G.P. Bildu), Nekane P\u00e9rez (G.P. Aralar-Nabai), Amaya Zarranz (G.P. PPN) y Marisa de Sim\u00f3n (G.P. I-E).<\/p>\n<p>La delegaci\u00f3n del Parlamento ha sido recibida por Manuel Mart\u00edn, director del centro, Mikaela Quintana, jefa de Estudios, Mar\u00eda Jos\u00e9 Mendive, orientadora, Amaya Vergara, secretaria, Mar\u00eda Asun Aranguren, responsable de Calidad, as\u00ed como varios representantes de la Apyma.<\/p>\n<p>El objeto de la visita, seg\u00fan han explicado Carmen Gonz\u00e1lez a modo de pre\u00e1mbulo, ha sido \u201cconocer de primera mano el funcionamiento del centro, el primero p\u00fablico de Espa\u00f1a que ofrece educaci\u00f3n en alem\u00e1n y espa\u00f1ol desde primero de Infantil\u201d.<\/p>\n<p>A continuaci\u00f3n los integrantes de la Comisi\u00f3n de Educaci\u00f3n han mantenido un encuentro con la direcci\u00f3n y los representantes de la Apyma, en el que unos y otros han explicado las particularidades de \u201cun proyecto educativo basado en el biling\u00fcismo, en el empleo de castellano y alem\u00e1n como lenguas vehiculares, a las que se une el ingl\u00e9s a partir de 2\u00ba de Infantil. Un reto para todos, instituciones, profesores, padres y sobre todo los alumnos\u201d.<\/p>\n<p>Este proyecto, dependiente del Gobierno de Navarra, ha consolidado su oferta con la llegada de 25 nuevos alumnos.<\/p>\n<p>Concluida la reuni\u00f3n, los Parlamentarios han realizado un recorrido guiado por las distintas dependencias del Colegio P\u00fablico.<\/p>\n","protected":false},"excerpt":{"rendered":"<p>La Comisi\u00f3n de Educaci\u00f3ndel Parlamento de Navarra ha visitado el d\u00eda 7 de Octubre el Colegio P\u00fablico Paderborn-V\u00edctor Pradera, para conocer integramente nuestro proyecto educativo, proyecto pluriling\u00fce, que como sabemos comenz\u00f3 en el curso 2013-14 con los ni\u00f1os\/as de 3 a\u00f1os. Este proyecto es bling\u00fce alem\u00e1n-espa\u00f1ol con ingl\u00e9s de forma totalmente curricular. De momento, comprende [&hellip;]<\/p>\n","protected":false},"author":1,"featured_media":782,"comment_status":"open","ping_status":"open","sticky":false,"template":"","format":"standard","meta":{"_genesis_hide_title":false,"_genesis_hide_breadcrumbs":false,"_genesis_hide_singular_image":false,"_genesis_hide_footer_widgets":false,"_genesis_custom_body_class":"","_genesis_custom_post_class":"","_genesis_layout":"","jetpack_post_was_ever_published":false,"_jetpack_newsletter_access":"","_jetpack_dont_email_post_to_subs":false,"_jetpack_newsletter_tier_id":0,"_jetpack_memberships_contains_paywalled_content":false,"footnotes":"","_jetpack_memberships_contains_paid_content":false,"jetpack_publicize_message":"","jetpack_publicize_feature_enabled":true,"jetpack_social_post_already_shared":false,"jetpack_social_options":{"image_generator_settings":{"template":"highway","enabled":false}}},"categories":[1],"tags":[],"jetpack_publicize_connections":[],"jetpack_featured_media_url":"https:\/\/cppaderborn.educacion.navarra.es\/web\/wp-content\/uploads\/2014\/10\/Orig-1-7-10-14-1.jpg","jetpack_sharing_enabled":true,"jetpack_likes_enabled":true,"_links":{"self":[{"href":"https:\/\/cppaderborn.educacion.navarra.es\/web\/wp-json\/wp\/v2\/posts\/768"}],"collection":[{"href":"https:\/\/cppaderborn.educacion.navarra.es\/web\/wp-json\/wp\/v2\/posts"}],"about":[{"href":"https:\/\/cppaderborn.educacion.navarra.es\/web\/wp-json\/wp\/v2\/types\/post"}],"author":[{"embeddable":true,"href":"https:\/\/cppaderborn.educacion.navarra.es\/web\/wp-json\/wp\/v2\/users\/1"}],"replies":[{"embeddable":true,"href":"https:\/\/cppaderborn.educacion.navarra.es\/web\/wp-json\/wp\/v2\/comments?post=768"}],"version-history":[{"count":7,"href":"https:\/\/cppaderborn.educacion.navarra.es\/web\/wp-json\/wp\/v2\/posts\/768\/revisions"}],"predecessor-version":[{"id":788,"href":"https:\/\/cppaderborn.educacion.navarra.es\/web\/wp-json\/wp\/v2\/posts\/768\/revisions\/788"}],"wp:featuredmedia":[{"embeddable":true,"href":"https:\/\/cppaderborn.educacion.navarra.es\/web\/wp-json\/wp\/v2\/media\/782"}],"wp:attachment":[{"href":"https:\/\/cppaderborn.educacion.navarra.es\/web\/wp-json\/wp\/v2\/media?parent=768"}],"wp:term":[{"taxonomy":"category","embeddable":true,"href":"https:\/\/cppaderborn.educacion.navarra.es\/web\/wp-json\/wp\/v2\/categories?post=768"},{"taxonomy":"post_tag","embeddable":true,"href":"https:\/\/cppaderborn.educacion.navarra.es\/web\/wp-json\/wp\/v2\/tags?post=768"}],"curies":[{"name":"wp","href":"https:\/\/api.w.org\/{rel}","templated":true}]}}