{"id":815,"date":"2014-10-10T12:35:11","date_gmt":"2014-10-10T10:35:11","guid":{"rendered":"http:\/\/cppaderborn.educacion.navarra.es\/web\/?p=815"},"modified":"2014-10-20T10:33:02","modified_gmt":"2014-10-20T08:33:02","slug":"semana-cultural-hispano-alemana-19-26-octubre-2014","status":"publish","type":"post","link":"https:\/\/cppaderborn.educacion.navarra.es\/web\/blog\/semana-cultural-hispano-alemana-19-26-octubre-2014\/","title":{"rendered":"Semana Cultural Hispano Alemana 19 &#8211; 26 octubre 2014"},"content":{"rendered":"<p style=\"text-align: justify;\"><a href=\"https:\/\/cppaderborn.educacion.navarra.es\/web\/wp-content\/uploads\/2014\/09\/01-colegio-paderborn-1.jpg\"><img fetchpriority=\"high\" decoding=\"async\" class=\"aligncenter size-large wp-image-434\" src=\"https:\/\/cppaderborn.educacion.navarra.es\/web\/wp-content\/uploads\/2014\/09\/01-colegio-paderborn-1-1024x832.jpg\" alt=\"OLYMPUS DIGITAL CAMERA\" width=\"1024\" height=\"832\" srcset=\"https:\/\/cppaderborn.educacion.navarra.es\/web\/wp-content\/uploads\/2014\/09\/01-colegio-paderborn-1-1024x832.jpg 1024w, https:\/\/cppaderborn.educacion.navarra.es\/web\/wp-content\/uploads\/2014\/09\/01-colegio-paderborn-1-300x243.jpg 300w\" sizes=\"(max-width: 1024px) 100vw, 1024px\" \/><\/a><br \/>\nLa <a href=\"http:\/\/www.sociedadhispanoalemana.com\/\" target=\"_blank\"><span style=\"color: #0000ff;\">Sociedad Hispano-Alemana del Norte de Espa\u00f1a<\/span><\/a> con sede en Pamplona, celebra por 22\u00aa vez una semana cultural. En este a\u00f1o 2014 de car\u00e1cter especialmente cultural con una novedad, la oferta de actividades para familias y ni\u00f1os\/as.<\/p>\n<p style=\"text-align: justify;\">Por supuesto, todos los actos son abiertos al p\u00fablico en general, no obstante, por razones de organizaci\u00f3n necesitamos saber qui\u00e9n participa en qu\u00e9 actividad, por lo que os pido nos inform\u00e9is al respecto de vuestra participaci\u00f3n inscribi\u00e9ndoos por correo electr\u00f3nico a trav\u00e9s de nuestra direcci\u00f3n: info@sociedadhispanoalemana.com o por tel\u00e9fono (948236700).<\/p>\n<p style=\"text-align: justify;\">Las actividades que necesitan inscripci\u00f3n previa son:<\/p>\n<ul>\n<li>Domingo 19. 11:00 h. Excursi\u00f3n Familiar al Nacedero de Arteta (Valle de Go\u00f1i). Encuentro en el pueblo de Alz\u00f3rriz junto a la iglesia.<br \/>\nAperitivo en la Posada. Precio 7\u20ac adultos y j\u00f3venes ( + 12 a\u00f1os).<\/li>\n<li>S\u00e1bado 25. 12:00 h. Vista al Museo de la Universidad de Navarra. Edificio Central de la Universidad de Navarra.<\/li>\n<li>S\u00e1bado 25. 14:00 h. Comida en el Hotel Sancho Ram\u00edrez. Precio: 25\u20ac. C\/ Sancho Ram\u00edrez, 11.<\/li>\n<\/ul>\n<p>&nbsp;<\/p>\n<p style=\"text-align: justify;\">El concierto de la Coral de C\u00e1mara de Pamplona, el viernes 24 en el Civican, es con entrada libre hasta completar aforo, es necesario retirar las entradas con anterioridad. Lo mismo ocurre con el teatro para ni\u00f1os del s\u00e1bado 25 que ir\u00e1 seguido de un peque\u00f1o concierto de la Coral Infantil de la Coral de C\u00e1mara de Pamplona.<br \/>\nPara m\u00e1s informaci\u00f3n contactar con: info@sociedadhispanoalemana.com<br \/>\nEsperamos que el programa sea de vuestro agrado y que vuestra participaci\u00f3n sea muy numerosa. Gracias por vuestra colaboraci\u00f3n.<\/p>\n<p><span style=\"color: #99cc00;\"><span style=\"color: #ff9900;\"><a style=\"color: #ff9900;\" href=\"https:\/\/cppaderborn.educacion.navarra.es\/web\/wp-content\/uploads\/2014\/10\/TRIPTICO-XXII\u00aa-Semana-Cultural.pdf\" target=\"_blank\">Programa de la semana cultural<\/a><\/span><br \/>\n<\/span><\/p>\n","protected":false},"excerpt":{"rendered":"<p>La Sociedad Hispano-Alemana del Norte de Espa\u00f1a con sede en Pamplona, celebra por 22\u00aa vez una semana cultural. En este a\u00f1o 2014 de car\u00e1cter especialmente cultural con una novedad, la oferta de actividades para familias y ni\u00f1os\/as. Por supuesto, todos los actos son abiertos al p\u00fablico en general, no obstante, por razones de organizaci\u00f3n necesitamos [&hellip;]<\/p>\n","protected":false},"author":1,"featured_media":825,"comment_status":"open","ping_status":"open","sticky":false,"template":"","format":"standard","meta":{"_genesis_hide_title":false,"_genesis_hide_breadcrumbs":false,"_genesis_hide_singular_image":false,"_genesis_hide_footer_widgets":false,"_genesis_custom_body_class":"","_genesis_custom_post_class":"","_genesis_layout":"","jetpack_post_was_ever_published":false,"_jetpack_newsletter_access":"","_jetpack_dont_email_post_to_subs":false,"_jetpack_newsletter_tier_id":0,"_jetpack_memberships_contains_paywalled_content":false,"footnotes":"","_jetpack_memberships_contains_paid_content":false,"jetpack_publicize_message":"","jetpack_publicize_feature_enabled":true,"jetpack_social_post_already_shared":false,"jetpack_social_options":{"image_generator_settings":{"template":"highway","enabled":false}}},"categories":[1],"tags":[],"jetpack_publicize_connections":[],"jetpack_featured_media_url":"https:\/\/cppaderborn.educacion.navarra.es\/web\/wp-content\/uploads\/2014\/10\/sociedad-hispanoalemana1.jpg","jetpack_sharing_enabled":true,"jetpack_likes_enabled":true,"_links":{"self":[{"href":"https:\/\/cppaderborn.educacion.navarra.es\/web\/wp-json\/wp\/v2\/posts\/815"}],"collection":[{"href":"https:\/\/cppaderborn.educacion.navarra.es\/web\/wp-json\/wp\/v2\/posts"}],"about":[{"href":"https:\/\/cppaderborn.educacion.navarra.es\/web\/wp-json\/wp\/v2\/types\/post"}],"author":[{"embeddable":true,"href":"https:\/\/cppaderborn.educacion.navarra.es\/web\/wp-json\/wp\/v2\/users\/1"}],"replies":[{"embeddable":true,"href":"https:\/\/cppaderborn.educacion.navarra.es\/web\/wp-json\/wp\/v2\/comments?post=815"}],"version-history":[{"count":6,"href":"https:\/\/cppaderborn.educacion.navarra.es\/web\/wp-json\/wp\/v2\/posts\/815\/revisions"}],"predecessor-version":[{"id":877,"href":"https:\/\/cppaderborn.educacion.navarra.es\/web\/wp-json\/wp\/v2\/posts\/815\/revisions\/877"}],"wp:featuredmedia":[{"embeddable":true,"href":"https:\/\/cppaderborn.educacion.navarra.es\/web\/wp-json\/wp\/v2\/media\/825"}],"wp:attachment":[{"href":"https:\/\/cppaderborn.educacion.navarra.es\/web\/wp-json\/wp\/v2\/media?parent=815"}],"wp:term":[{"taxonomy":"category","embeddable":true,"href":"https:\/\/cppaderborn.educacion.navarra.es\/web\/wp-json\/wp\/v2\/categories?post=815"},{"taxonomy":"post_tag","embeddable":true,"href":"https:\/\/cppaderborn.educacion.navarra.es\/web\/wp-json\/wp\/v2\/tags?post=815"}],"curies":[{"name":"wp","href":"https:\/\/api.w.org\/{rel}","templated":true}]}}