{"id":878,"date":"2014-10-21T16:44:44","date_gmt":"2014-10-21T14:44:44","guid":{"rendered":"http:\/\/cppaderborn.educacion.navarra.es\/web\/?p=878"},"modified":"2014-10-21T16:49:45","modified_gmt":"2014-10-21T14:49:45","slug":"consejos-escolares-2014-2015","status":"publish","type":"post","link":"https:\/\/cppaderborn.educacion.navarra.es\/web\/blog\/consejos-escolares-2014-2015\/","title":{"rendered":"Consejos Escolares 2014-2015"},"content":{"rendered":"<p><a href=\"https:\/\/cppaderborn.educacion.navarra.es\/web\/wp-content\/uploads\/2014\/10\/elecciones.jpg\"><img fetchpriority=\"high\" decoding=\"async\" class=\"aligncenter size-full wp-image-879\" src=\"https:\/\/cppaderborn.educacion.navarra.es\/web\/wp-content\/uploads\/2014\/10\/elecciones.jpg\" alt=\"elecciones\" width=\"750\" height=\"972\" srcset=\"https:\/\/cppaderborn.educacion.navarra.es\/web\/wp-content\/uploads\/2014\/10\/elecciones.jpg 750w, https:\/\/cppaderborn.educacion.navarra.es\/web\/wp-content\/uploads\/2014\/10\/elecciones-231x300.jpg 231w\" sizes=\"(max-width: 750px) 100vw, 750px\" \/><\/a><\/p>\n<p>La <a href=\"http:\/\/www.educacion.navarra.es\/documents\/27590\/559378\/Res+504-2014+CPEIP+EE+y+Adultos.pdf\/422ff5fe-4e0f-4f92-abb3-b4e1aa95a9e1\" target=\"_blank\">resoluci\u00f3n 504\/2014<\/a> aprueba las intrucciones para la renovaci\u00f3n parcial y constituci\u00f3n de los consejos escolares del los centros de infantil y primaria del Gobierno de Navarra.<\/p>\n<p>El centro p\u00fablico Paderborn renovara parcialmente el <a href=\"http:\/\/www.educacion.navarra.es\/web\/dpto\/-\/consejos-escolares-2014-2015\" target=\"_blank\">Consejo Escolar<\/a>.<\/p>\n<p>&nbsp;<\/p>\n","protected":false},"excerpt":{"rendered":"<p>La resoluci\u00f3n 504\/2014 aprueba las intrucciones para la renovaci\u00f3n parcial y constituci\u00f3n de los consejos escolares del los centros de infantil y primaria del Gobierno de Navarra. El centro p\u00fablico Paderborn renovara parcialmente el Consejo Escolar. &nbsp;<\/p>\n","protected":false},"author":1,"featured_media":881,"comment_status":"open","ping_status":"open","sticky":false,"template":"","format":"standard","meta":{"_genesis_hide_title":false,"_genesis_hide_breadcrumbs":false,"_genesis_hide_singular_image":false,"_genesis_hide_footer_widgets":false,"_genesis_custom_body_class":"","_genesis_custom_post_class":"","_genesis_layout":"","jetpack_post_was_ever_published":false,"_jetpack_newsletter_access":"","_jetpack_dont_email_post_to_subs":false,"_jetpack_newsletter_tier_id":0,"_jetpack_memberships_contains_paywalled_content":false,"footnotes":"","_jetpack_memberships_contains_paid_content":false,"jetpack_publicize_message":"","jetpack_publicize_feature_enabled":true,"jetpack_social_post_already_shared":false,"jetpack_social_options":{"image_generator_settings":{"template":"highway","enabled":false}}},"categories":[1],"tags":[],"jetpack_publicize_connections":[],"jetpack_featured_media_url":"https:\/\/cppaderborn.educacion.navarra.es\/web\/wp-content\/uploads\/2014\/10\/imagen15.jpg","jetpack_sharing_enabled":true,"jetpack_likes_enabled":true,"_links":{"self":[{"href":"https:\/\/cppaderborn.educacion.navarra.es\/web\/wp-json\/wp\/v2\/posts\/878"}],"collection":[{"href":"https:\/\/cppaderborn.educacion.navarra.es\/web\/wp-json\/wp\/v2\/posts"}],"about":[{"href":"https:\/\/cppaderborn.educacion.navarra.es\/web\/wp-json\/wp\/v2\/types\/post"}],"author":[{"embeddable":true,"href":"https:\/\/cppaderborn.educacion.navarra.es\/web\/wp-json\/wp\/v2\/users\/1"}],"replies":[{"embeddable":true,"href":"https:\/\/cppaderborn.educacion.navarra.es\/web\/wp-json\/wp\/v2\/comments?post=878"}],"version-history":[{"count":4,"href":"https:\/\/cppaderborn.educacion.navarra.es\/web\/wp-json\/wp\/v2\/posts\/878\/revisions"}],"predecessor-version":[{"id":886,"href":"https:\/\/cppaderborn.educacion.navarra.es\/web\/wp-json\/wp\/v2\/posts\/878\/revisions\/886"}],"wp:featuredmedia":[{"embeddable":true,"href":"https:\/\/cppaderborn.educacion.navarra.es\/web\/wp-json\/wp\/v2\/media\/881"}],"wp:attachment":[{"href":"https:\/\/cppaderborn.educacion.navarra.es\/web\/wp-json\/wp\/v2\/media?parent=878"}],"wp:term":[{"taxonomy":"category","embeddable":true,"href":"https:\/\/cppaderborn.educacion.navarra.es\/web\/wp-json\/wp\/v2\/categories?post=878"},{"taxonomy":"post_tag","embeddable":true,"href":"https:\/\/cppaderborn.educacion.navarra.es\/web\/wp-json\/wp\/v2\/tags?post=878"}],"curies":[{"name":"wp","href":"https:\/\/api.w.org\/{rel}","templated":true}]}}