{"id":891,"date":"2014-10-22T13:19:23","date_gmt":"2014-10-22T11:19:23","guid":{"rendered":"http:\/\/cppaderborn.educacion.navarra.es\/web\/?p=891"},"modified":"2014-10-22T13:23:49","modified_gmt":"2014-10-22T11:23:49","slug":"centro-de-integracion-preferente-de-nins-con-discapacidad-auditiva","status":"publish","type":"post","link":"https:\/\/cppaderborn.educacion.navarra.es\/web\/blog\/centro-de-integracion-preferente-de-nins-con-discapacidad-auditiva\/","title":{"rendered":"Centro de Integraci\u00f3n Preferente de Ni\u00f1@s con Discapacidad Auditiva"},"content":{"rendered":"<p><a href=\"https:\/\/cppaderborn.educacion.navarra.es\/web\/wp-content\/uploads\/2014\/10\/DSCF0149.jpg\"><img fetchpriority=\"high\" decoding=\"async\" class=\"aligncenter size-large wp-image-895\" src=\"https:\/\/cppaderborn.educacion.navarra.es\/web\/wp-content\/uploads\/2014\/10\/DSCF0149-1024x757.jpg\" alt=\"DSCF0149\" width=\"1024\" height=\"757\" srcset=\"https:\/\/cppaderborn.educacion.navarra.es\/web\/wp-content\/uploads\/2014\/10\/DSCF0149-1024x757.jpg 1024w, https:\/\/cppaderborn.educacion.navarra.es\/web\/wp-content\/uploads\/2014\/10\/DSCF0149-300x221.jpg 300w\" sizes=\"(max-width: 1024px) 100vw, 1024px\" \/><\/a><\/p>\n<p>El Colegio Paderborn-Victor Pradera es el Centro de integraci\u00f3n preferente de Ni\u00f1@s con Discapacidad Auditiva de Ed. Infantil y Primaria para Navarrra, y por lo tanto el Centro de Referencia para est@s ni\u00f1@s.<\/p>\n<p>&nbsp;<\/p>\n<p>Cuenta con personal especializado para ellos con las m\u00e1xima y m\u00e1s profesional dedicaci\u00f3n. El equipo de auditivos del colegio Paderborn est\u00e1 asesorado continuamente por el CREENA\u00a0 de Navarra.<\/p>\n","protected":false},"excerpt":{"rendered":"<p>El Colegio Paderborn-Victor Pradera es el Centro de integraci\u00f3n preferente de Ni\u00f1@s con Discapacidad Auditiva de Ed. Infantil y Primaria para Navarrra, y por lo tanto el Centro de Referencia para est@s ni\u00f1@s.<\/p>\n","protected":false},"author":1,"featured_media":893,"comment_status":"open","ping_status":"open","sticky":false,"template":"","format":"standard","meta":{"_genesis_hide_title":false,"_genesis_hide_breadcrumbs":false,"_genesis_hide_singular_image":false,"_genesis_hide_footer_widgets":false,"_genesis_custom_body_class":"","_genesis_custom_post_class":"","_genesis_layout":"","jetpack_post_was_ever_published":false,"_jetpack_newsletter_access":"","_jetpack_dont_email_post_to_subs":false,"_jetpack_newsletter_tier_id":0,"_jetpack_memberships_contains_paywalled_content":false,"footnotes":"","_jetpack_memberships_contains_paid_content":false,"jetpack_publicize_message":"","jetpack_publicize_feature_enabled":true,"jetpack_social_post_already_shared":false,"jetpack_social_options":{"image_generator_settings":{"template":"highway","enabled":false}}},"categories":[11],"tags":[],"jetpack_publicize_connections":[],"jetpack_featured_media_url":"https:\/\/cppaderborn.educacion.navarra.es\/web\/wp-content\/uploads\/2014\/10\/discapacidad-auditiva-1-638.jpg","jetpack_sharing_enabled":true,"jetpack_likes_enabled":true,"_links":{"self":[{"href":"https:\/\/cppaderborn.educacion.navarra.es\/web\/wp-json\/wp\/v2\/posts\/891"}],"collection":[{"href":"https:\/\/cppaderborn.educacion.navarra.es\/web\/wp-json\/wp\/v2\/posts"}],"about":[{"href":"https:\/\/cppaderborn.educacion.navarra.es\/web\/wp-json\/wp\/v2\/types\/post"}],"author":[{"embeddable":true,"href":"https:\/\/cppaderborn.educacion.navarra.es\/web\/wp-json\/wp\/v2\/users\/1"}],"replies":[{"embeddable":true,"href":"https:\/\/cppaderborn.educacion.navarra.es\/web\/wp-json\/wp\/v2\/comments?post=891"}],"version-history":[{"count":4,"href":"https:\/\/cppaderborn.educacion.navarra.es\/web\/wp-json\/wp\/v2\/posts\/891\/revisions"}],"predecessor-version":[{"id":899,"href":"https:\/\/cppaderborn.educacion.navarra.es\/web\/wp-json\/wp\/v2\/posts\/891\/revisions\/899"}],"wp:featuredmedia":[{"embeddable":true,"href":"https:\/\/cppaderborn.educacion.navarra.es\/web\/wp-json\/wp\/v2\/media\/893"}],"wp:attachment":[{"href":"https:\/\/cppaderborn.educacion.navarra.es\/web\/wp-json\/wp\/v2\/media?parent=891"}],"wp:term":[{"taxonomy":"category","embeddable":true,"href":"https:\/\/cppaderborn.educacion.navarra.es\/web\/wp-json\/wp\/v2\/categories?post=891"},{"taxonomy":"post_tag","embeddable":true,"href":"https:\/\/cppaderborn.educacion.navarra.es\/web\/wp-json\/wp\/v2\/tags?post=891"}],"curies":[{"name":"wp","href":"https:\/\/api.w.org\/{rel}","templated":true}]}}