{"id":923,"date":"2014-11-20T16:13:00","date_gmt":"2014-11-20T15:13:00","guid":{"rendered":"http:\/\/cppaderborn.educacion.navarra.es\/web\/?p=923"},"modified":"2014-11-21T10:17:00","modified_gmt":"2014-11-21T09:17:00","slug":"la-festividad-de-san-martin","status":"publish","type":"post","link":"https:\/\/cppaderborn.educacion.navarra.es\/web\/blog\/la-festividad-de-san-martin\/","title":{"rendered":"La Festividad de San Mart\u00edn"},"content":{"rendered":"<p>\u00abLaterne, Laterne, Sonne, Mond und Sterne\u00bb. Este t\u00edpico estribillo puede escucharse en Alemania cada a\u00f1o el 11 de noviembre cuando los ni\u00f1os recorren las calles oto\u00f1ales con sus farolillos de colores hechos a mano cantando canciones memorizadas con devoci\u00f3n festiva en honor de San Mart\u00edn. El alegre parpadeo de las velas en los farolillos les ilumina el rostro.<span class=\"Apple-converted-space\"><br \/>\n<\/span><\/p>\n<p>En el centro Paderborn, los ni\u00f1@s de infantil lo han celebrado con sus farolillos desde su clase hasta la entrada, donde les esperaban sus padres.<\/p>\n<p>Rabimmel, rabammel, rabum. Im sp\u00e4ten Herbst, das Sankt Martinfest ist f\u00fcr viele Kinder in Mitteleuropa ihr Lieblingsfest. Deshalb wollten wir dieses Jahr in unserem Kindergarten das Martinfest erleben:<\/p>\n<p>Am Martinstag, dem 11. November, haben die Kinder mit ihren selbstgebastelten Laternen einen Laterneumzug durch die Schule gemacht. Dabei haben sie ein Martinslied gesungen.<\/p>\n<p>Danach haben die Kinder die Geschichte vom Sankt Martin mit ihren Erzieherinnen in einem Rollenspiel gespielt.<\/p>\n<p>Zum Schluss wollten unsere Kindergartenkinder ihren Eltern das Lied \u201cIch geh`mit meiner Laterne\u201d vorsingen.<\/p>\n<p>&nbsp;<\/p>\n<p>Unsere s\u00fcssen Kinder haben es geschafft:durch das Licht ihrer Laternen ist dieses Jahr das Leben heller und freundlicher geworden.<\/p>\n<p>&nbsp;<\/p>\n<p>Wir bedanken uns sehr bei allen Eltern, die ihre Hilfe bei der Laternen- Bastlerei angeboten haben.\u00a0Diese Hilfe war ein wichtiges Element f\u00fcr unseren St. Martins-Laternenumzug.<\/p>\n<p>&nbsp;<\/p>\n<p><a href=\"https:\/\/drive.google.com\/a\/educacion.navarra.es\/file\/d\/0BwwUMlHb0XOQal9HX2ZhZG1wcHc\/view?usp=sharing\" target=\"_blank\">VIDEO<\/a><\/p>\n","protected":false},"excerpt":{"rendered":"<p>\u00abLaterne, Laterne, Sonne, Mond und Sterne\u00bb. Este t\u00edpico estribillo puede escucharse en Alemania cada a\u00f1o el 11 de noviembre cuando los ni\u00f1os recorren las calles oto\u00f1ales con sus farolillos de colores hechos a mano cantando canciones memorizadas con devoci\u00f3n festiva en honor de San Mart\u00edn. El alegre parpadeo de las velas en los farolillos les [&hellip;]<\/p>\n","protected":false},"author":1,"featured_media":924,"comment_status":"open","ping_status":"open","sticky":false,"template":"","format":"standard","meta":{"_genesis_hide_title":false,"_genesis_hide_breadcrumbs":false,"_genesis_hide_singular_image":false,"_genesis_hide_footer_widgets":false,"_genesis_custom_body_class":"","_genesis_custom_post_class":"","_genesis_layout":"","jetpack_post_was_ever_published":false,"_jetpack_newsletter_access":"","_jetpack_dont_email_post_to_subs":false,"_jetpack_newsletter_tier_id":0,"_jetpack_memberships_contains_paywalled_content":false,"footnotes":"","_jetpack_memberships_contains_paid_content":false,"jetpack_publicize_message":"","jetpack_publicize_feature_enabled":true,"jetpack_social_post_already_shared":false,"jetpack_social_options":{"image_generator_settings":{"template":"highway","enabled":false}}},"categories":[1],"tags":[],"jetpack_publicize_connections":[],"jetpack_featured_media_url":"https:\/\/cppaderborn.educacion.navarra.es\/web\/wp-content\/uploads\/2014\/11\/StMartin_2.jpg","jetpack_sharing_enabled":true,"jetpack_likes_enabled":true,"_links":{"self":[{"href":"https:\/\/cppaderborn.educacion.navarra.es\/web\/wp-json\/wp\/v2\/posts\/923"}],"collection":[{"href":"https:\/\/cppaderborn.educacion.navarra.es\/web\/wp-json\/wp\/v2\/posts"}],"about":[{"href":"https:\/\/cppaderborn.educacion.navarra.es\/web\/wp-json\/wp\/v2\/types\/post"}],"author":[{"embeddable":true,"href":"https:\/\/cppaderborn.educacion.navarra.es\/web\/wp-json\/wp\/v2\/users\/1"}],"replies":[{"embeddable":true,"href":"https:\/\/cppaderborn.educacion.navarra.es\/web\/wp-json\/wp\/v2\/comments?post=923"}],"version-history":[{"count":2,"href":"https:\/\/cppaderborn.educacion.navarra.es\/web\/wp-json\/wp\/v2\/posts\/923\/revisions"}],"predecessor-version":[{"id":927,"href":"https:\/\/cppaderborn.educacion.navarra.es\/web\/wp-json\/wp\/v2\/posts\/923\/revisions\/927"}],"wp:featuredmedia":[{"embeddable":true,"href":"https:\/\/cppaderborn.educacion.navarra.es\/web\/wp-json\/wp\/v2\/media\/924"}],"wp:attachment":[{"href":"https:\/\/cppaderborn.educacion.navarra.es\/web\/wp-json\/wp\/v2\/media?parent=923"}],"wp:term":[{"taxonomy":"category","embeddable":true,"href":"https:\/\/cppaderborn.educacion.navarra.es\/web\/wp-json\/wp\/v2\/categories?post=923"},{"taxonomy":"post_tag","embeddable":true,"href":"https:\/\/cppaderborn.educacion.navarra.es\/web\/wp-json\/wp\/v2\/tags?post=923"}],"curies":[{"name":"wp","href":"https:\/\/api.w.org\/{rel}","templated":true}]}}