{"id":971,"date":"2015-01-21T12:59:56","date_gmt":"2015-01-21T11:59:56","guid":{"rendered":"http:\/\/cppaderborn.educacion.navarra.es\/web\/?p=971"},"modified":"2015-01-21T13:04:16","modified_gmt":"2015-01-21T12:04:16","slug":"jornadas-puertas-abiertas-31-enero-y-4-febrero-2","status":"publish","type":"post","link":"https:\/\/cppaderborn.educacion.navarra.es\/web\/blog\/jornadas-puertas-abiertas-31-enero-y-4-febrero-2\/","title":{"rendered":"Jornadas Puertas Abiertas 31 Enero y 4 Febrero"},"content":{"rendered":"<p><a href=\"https:\/\/cppaderborn.educacion.navarra.es\/web\/wp-content\/uploads\/2015\/01\/folleto_interior_COMUN-2.jpg\"><img fetchpriority=\"high\" decoding=\"async\" class=\"aligncenter size-large wp-image-969\" src=\"https:\/\/cppaderborn.educacion.navarra.es\/web\/wp-content\/uploads\/2015\/01\/folleto_interior_COMUN-2-1024x729.jpg\" alt=\"folleto_interior_COMUN-\" width=\"1024\" height=\"729\" srcset=\"https:\/\/cppaderborn.educacion.navarra.es\/web\/wp-content\/uploads\/2015\/01\/folleto_interior_COMUN-2-1024x729.jpg 1024w, https:\/\/cppaderborn.educacion.navarra.es\/web\/wp-content\/uploads\/2015\/01\/folleto_interior_COMUN-2-300x214.jpg 300w\" sizes=\"(max-width: 1024px) 100vw, 1024px\" \/><\/a><\/p>\n<h1><span style=\"color: #800000;\">\u00d6ffentliche Schule in Pamplona<\/span><\/h1>\n<p>Puertas abiertas Colegio P\u00fablico Paderborn<\/p>\n<h3>\n<span style=\"color: #800000;\">S\u00e1b 31 Enero a las\u00a0 11,30h<\/span><\/h3>\n<p>y<\/p>\n<h3><span style=\"color: #ff9900;\">Mi\u00e9r 4 de Febrero a las 18h<\/span><\/h3>\n<p>Ense\u00f1anza biling\u00fce<br \/>\nalem\u00e1n-espa\u00f1ol<br \/>\ncon ingl\u00e9s<\/p>\n<h3><span style=\"color: #0000ff;\">El colegio ofrecer\u00e1 servicio de guarder\u00eda a los padres que deseen acudir a las jornadas de puertas abiertas<\/span><\/h3>\n<p>&nbsp;<\/p>\n","protected":false},"excerpt":{"rendered":"<p>\u00d6ffentliche Schule in Pamplona Puertas abiertas Colegio P\u00fablico Paderborn S\u00e1b 31 Enero a las\u00a0 11,30h y Mi\u00e9r 4 de Febrero a las 18h Ense\u00f1anza biling\u00fce alem\u00e1n-espa\u00f1ol con ingl\u00e9s El colegio ofrecer\u00e1 servicio de guarder\u00eda a los padres que deseen acudir a las jornadas de puertas abiertas &nbsp;<\/p>\n","protected":false},"author":1,"featured_media":0,"comment_status":"open","ping_status":"open","sticky":false,"template":"","format":"standard","meta":{"_genesis_hide_title":false,"_genesis_hide_breadcrumbs":false,"_genesis_hide_singular_image":false,"_genesis_hide_footer_widgets":false,"_genesis_custom_body_class":"","_genesis_custom_post_class":"","_genesis_layout":"","jetpack_post_was_ever_published":false,"_jetpack_newsletter_access":"","_jetpack_dont_email_post_to_subs":false,"_jetpack_newsletter_tier_id":0,"_jetpack_memberships_contains_paywalled_content":false,"footnotes":"","_jetpack_memberships_contains_paid_content":false,"jetpack_publicize_message":"","jetpack_publicize_feature_enabled":true,"jetpack_social_post_already_shared":false,"jetpack_social_options":{"image_generator_settings":{"template":"highway","enabled":false}}},"categories":[1],"tags":[],"jetpack_publicize_connections":[],"jetpack_featured_media_url":"","jetpack_sharing_enabled":true,"jetpack_likes_enabled":true,"_links":{"self":[{"href":"https:\/\/cppaderborn.educacion.navarra.es\/web\/wp-json\/wp\/v2\/posts\/971"}],"collection":[{"href":"https:\/\/cppaderborn.educacion.navarra.es\/web\/wp-json\/wp\/v2\/posts"}],"about":[{"href":"https:\/\/cppaderborn.educacion.navarra.es\/web\/wp-json\/wp\/v2\/types\/post"}],"author":[{"embeddable":true,"href":"https:\/\/cppaderborn.educacion.navarra.es\/web\/wp-json\/wp\/v2\/users\/1"}],"replies":[{"embeddable":true,"href":"https:\/\/cppaderborn.educacion.navarra.es\/web\/wp-json\/wp\/v2\/comments?post=971"}],"version-history":[{"count":3,"href":"https:\/\/cppaderborn.educacion.navarra.es\/web\/wp-json\/wp\/v2\/posts\/971\/revisions"}],"predecessor-version":[{"id":974,"href":"https:\/\/cppaderborn.educacion.navarra.es\/web\/wp-json\/wp\/v2\/posts\/971\/revisions\/974"}],"wp:attachment":[{"href":"https:\/\/cppaderborn.educacion.navarra.es\/web\/wp-json\/wp\/v2\/media?parent=971"}],"wp:term":[{"taxonomy":"category","embeddable":true,"href":"https:\/\/cppaderborn.educacion.navarra.es\/web\/wp-json\/wp\/v2\/categories?post=971"},{"taxonomy":"post_tag","embeddable":true,"href":"https:\/\/cppaderborn.educacion.navarra.es\/web\/wp-json\/wp\/v2\/tags?post=971"}],"curies":[{"name":"wp","href":"https:\/\/api.w.org\/{rel}","templated":true}]}}