{"id":997,"date":"2015-02-13T13:22:12","date_gmt":"2015-02-13T12:22:12","guid":{"rendered":"http:\/\/cppaderborn.educacion.navarra.es\/web\/?p=997"},"modified":"2015-02-24T17:23:15","modified_gmt":"2015-02-24T16:23:15","slug":"an-freitag-von-karneval","status":"publish","type":"post","link":"https:\/\/cppaderborn.educacion.navarra.es\/web\/blog\/an-freitag-von-karneval\/","title":{"rendered":"am Freitag von Karneval"},"content":{"rendered":"<p style=\"text-align: justify;\">Un a\u00f1o m\u00e1s celebramos el carnaval. Son muchos los pueblos de Navarra que estos d\u00edas celebran estas fiestas y han sabido guardar, con el paso de los a\u00f1os, los disfraces y costumbres que heredaron de sus antepasados.<br \/>\nEstos d\u00edas saldr\u00e1n a la calle a rememorar una tradici\u00f3n que tiene su origen en el quehacer y creencias de la vida\u00a0 rural navarra.Pero el Carnaval no es exclusivo de esta zona. Todos conocemos c\u00f3mo se celebra en otros pa\u00edses, en otras culturas&#8230;Los medios de comunicaci\u00f3n nos contagian estos d\u00edas del ambiente festivo que se vive en muchos lugares del planeta.<br \/>\nEs muy distinto de unos pueblos a otros, representa historias diferentes aunque tiene elementos comunes. En definitiva, se trata de romper con la realidad durante un periodo variable de tiempo y so\u00f1ar&#8230;So\u00f1ar que nos convertimos en seres u objetos diferentes; so\u00f1ar que somos capaces de transformar esta sociedad en la que vivimos, de celebrar lo que nos une por encima de cualquier diferencia o resentimiento; so\u00f1ar en una convivencia justa, solidaria, agradable y pac\u00edfica entre las diferentes culturas.<br \/>\nNuestro Colegio, haci\u00e9ndose eco del sentir de la sociedad, quiere celebrar un a\u00f1o m\u00e1s esta fiesta y, para ello, como en a\u00f1os anteriores nos disfrazaremos y bailaremos. Tambi\u00e9n dedicaremos un tiempo a la reflexi\u00f3n para romper con todo lo que pudiera deteriorar nuestra convivencia y contribuir a que nuestra comunidad educactiva sea un buen reflejo de todos los valores mencionados.<br \/>\nDeseamos que estos sentimientos impregnen nuestra fiesta y que todos la vivamos con mucha alegr\u00eda.<\/p>\n<p>\u00a1\u00a1 Feliz Carnaval !! \u00a1\u00a1 Paz y mucha alegr\u00eda para todos !!<\/p>\n<div class=\"translated_text\"><a href=\"http:\/\/es.pons.com\/traducci%C3%B3n\/alem%C3%A1n-espa%C3%B1ol\/Ruhe\" target=\"_blank\">Ruhe<\/a> u<a href=\"http:\/\/es.pons.com\/traducci%C3%B3n\/alem%C3%A1n-espa%C3%B1ol\/nd\" target=\"_blank\">nd<\/a> <a href=\"http:\/\/es.pons.com\/traducci%C3%B3n\/alem%C3%A1n-espa%C3%B1ol\/gro%C3%9Fe\" target=\"_blank\">gro\u00dfe<\/a> <a href=\"http:\/\/es.pons.com\/traducci%C3%B3n\/alem%C3%A1n-espa%C3%B1ol\/Freude\" target=\"_blank\">Freude<\/a> <a href=\"http:\/\/es.pons.com\/traducci%C3%B3n\/alem%C3%A1n-espa%C3%B1ol\/f%C3%BCr\" target=\"_blank\">f\u00fcr<\/a> <a href=\"http:\/\/es.pons.com\/traducci%C3%B3n\/alem%C3%A1n-espa%C3%B1ol\/alle\" target=\"_blank\">alle<\/a>!!!!<\/div>\n<div class=\"translated_text\"><a href=\"https:\/\/cppaderborn.educacion.navarra.es\/web\/wp-content\/uploads\/2015\/02\/IMG_1412.jpg\"><img fetchpriority=\"high\" decoding=\"async\" class=\"aligncenter size-full wp-image-995\" src=\"https:\/\/cppaderborn.educacion.navarra.es\/web\/wp-content\/uploads\/2015\/02\/IMG_1412.jpg\" alt=\"IMG_1412\" width=\"640\" height=\"480\" srcset=\"https:\/\/cppaderborn.educacion.navarra.es\/web\/wp-content\/uploads\/2015\/02\/IMG_1412.jpg 640w, https:\/\/cppaderborn.educacion.navarra.es\/web\/wp-content\/uploads\/2015\/02\/IMG_1412-300x225.jpg 300w\" sizes=\"(max-width: 640px) 100vw, 640px\" \/><\/a><a href=\"https:\/\/cppaderborn.educacion.navarra.es\/web\/wp-content\/uploads\/2015\/02\/IMG_1406.jpg\"><img decoding=\"async\" class=\"aligncenter size-full wp-image-989\" src=\"https:\/\/cppaderborn.educacion.navarra.es\/web\/wp-content\/uploads\/2015\/02\/IMG_1406.jpg\" alt=\"IMG_1406\" width=\"640\" height=\"480\" srcset=\"https:\/\/cppaderborn.educacion.navarra.es\/web\/wp-content\/uploads\/2015\/02\/IMG_1406.jpg 640w, https:\/\/cppaderborn.educacion.navarra.es\/web\/wp-content\/uploads\/2015\/02\/IMG_1406-300x225.jpg 300w\" sizes=\"(max-width: 640px) 100vw, 640px\" \/><\/a><a href=\"https:\/\/cppaderborn.educacion.navarra.es\/web\/wp-content\/uploads\/2015\/02\/IMG_1412.jpg\"><img fetchpriority=\"high\" decoding=\"async\" class=\"aligncenter size-full wp-image-995\" src=\"https:\/\/cppaderborn.educacion.navarra.es\/web\/wp-content\/uploads\/2015\/02\/IMG_1412.jpg\" alt=\"IMG_1412\" width=\"640\" height=\"480\" srcset=\"https:\/\/cppaderborn.educacion.navarra.es\/web\/wp-content\/uploads\/2015\/02\/IMG_1412.jpg 640w, https:\/\/cppaderborn.educacion.navarra.es\/web\/wp-content\/uploads\/2015\/02\/IMG_1412-300x225.jpg 300w\" sizes=\"(max-width: 640px) 100vw, 640px\" \/><\/a><a href=\"https:\/\/cppaderborn.educacion.navarra.es\/web\/wp-content\/uploads\/2015\/02\/IMG_1411.jpg\"><img decoding=\"async\" class=\"aligncenter size-full wp-image-993\" src=\"https:\/\/cppaderborn.educacion.navarra.es\/web\/wp-content\/uploads\/2015\/02\/IMG_1411.jpg\" alt=\"IMG_1411\" width=\"640\" height=\"480\" srcset=\"https:\/\/cppaderborn.educacion.navarra.es\/web\/wp-content\/uploads\/2015\/02\/IMG_1411.jpg 640w, https:\/\/cppaderborn.educacion.navarra.es\/web\/wp-content\/uploads\/2015\/02\/IMG_1411-300x225.jpg 300w\" sizes=\"(max-width: 640px) 100vw, 640px\" \/><\/a><a href=\"https:\/\/cppaderborn.educacion.navarra.es\/web\/wp-content\/uploads\/2015\/02\/IMG_20150213_101233237.jpg\"><img loading=\"lazy\" decoding=\"async\" class=\"aligncenter size-large wp-image-1025\" src=\"https:\/\/cppaderborn.educacion.navarra.es\/web\/wp-content\/uploads\/2015\/02\/IMG_20150213_101233237-1024x575.jpg\" alt=\"IMG_20150213_101233237\" width=\"1024\" height=\"575\" srcset=\"https:\/\/cppaderborn.educacion.navarra.es\/web\/wp-content\/uploads\/2015\/02\/IMG_20150213_101233237-1024x575.jpg 1024w, https:\/\/cppaderborn.educacion.navarra.es\/web\/wp-content\/uploads\/2015\/02\/IMG_20150213_101233237-300x169.jpg 300w\" sizes=\"(max-width: 1024px) 100vw, 1024px\" \/><\/a> <a href=\"https:\/\/cppaderborn.educacion.navarra.es\/web\/wp-content\/uploads\/2015\/02\/IMG_20150213_101251330.jpg\"><img loading=\"lazy\" decoding=\"async\" class=\"aligncenter size-large wp-image-1023\" src=\"https:\/\/cppaderborn.educacion.navarra.es\/web\/wp-content\/uploads\/2015\/02\/IMG_20150213_101251330-1024x575.jpg\" alt=\"IMG_20150213_101251330\" width=\"1024\" height=\"575\" srcset=\"https:\/\/cppaderborn.educacion.navarra.es\/web\/wp-content\/uploads\/2015\/02\/IMG_20150213_101251330-1024x575.jpg 1024w, https:\/\/cppaderborn.educacion.navarra.es\/web\/wp-content\/uploads\/2015\/02\/IMG_20150213_101251330-300x169.jpg 300w\" sizes=\"(max-width: 1024px) 100vw, 1024px\" \/><\/a> <a href=\"https:\/\/cppaderborn.educacion.navarra.es\/web\/wp-content\/uploads\/2015\/02\/SDC14492-.jpg\"><img loading=\"lazy\" decoding=\"async\" class=\"aligncenter size-large wp-image-1013\" src=\"https:\/\/cppaderborn.educacion.navarra.es\/web\/wp-content\/uploads\/2015\/02\/SDC14492--1024x768.jpg\" alt=\"SDC14492-\" width=\"1024\" height=\"768\" srcset=\"https:\/\/cppaderborn.educacion.navarra.es\/web\/wp-content\/uploads\/2015\/02\/SDC14492--1024x768.jpg 1024w, https:\/\/cppaderborn.educacion.navarra.es\/web\/wp-content\/uploads\/2015\/02\/SDC14492--300x225.jpg 300w\" sizes=\"(max-width: 1024px) 100vw, 1024px\" \/><\/a> <a href=\"https:\/\/cppaderborn.educacion.navarra.es\/web\/wp-content\/uploads\/2015\/02\/SDC14483-.jpg\"><img loading=\"lazy\" decoding=\"async\" class=\"aligncenter size-large wp-image-1011\" src=\"https:\/\/cppaderborn.educacion.navarra.es\/web\/wp-content\/uploads\/2015\/02\/SDC14483--1024x768.jpg\" alt=\"SDC14483-\" width=\"1024\" height=\"768\" srcset=\"https:\/\/cppaderborn.educacion.navarra.es\/web\/wp-content\/uploads\/2015\/02\/SDC14483--1024x768.jpg 1024w, https:\/\/cppaderborn.educacion.navarra.es\/web\/wp-content\/uploads\/2015\/02\/SDC14483--300x225.jpg 300w\" sizes=\"(max-width: 1024px) 100vw, 1024px\" \/><\/a><\/div>\n","protected":false},"excerpt":{"rendered":"<p>Un a\u00f1o m\u00e1s celebramos el carnaval. Son muchos los pueblos de Navarra que estos d\u00edas celebran estas fiestas y han sabido guardar, con el paso de los a\u00f1os, los disfraces y costumbres que heredaron de sus antepasados. Estos d\u00edas saldr\u00e1n a la calle a rememorar una tradici\u00f3n que tiene su origen en el quehacer y [&hellip;]<\/p>\n","protected":false},"author":1,"featured_media":989,"comment_status":"open","ping_status":"open","sticky":false,"template":"","format":"standard","meta":{"_genesis_hide_title":false,"_genesis_hide_breadcrumbs":false,"_genesis_hide_singular_image":false,"_genesis_hide_footer_widgets":false,"_genesis_custom_body_class":"","_genesis_custom_post_class":"","_genesis_layout":"","jetpack_post_was_ever_published":false,"_jetpack_newsletter_access":"","_jetpack_dont_email_post_to_subs":false,"_jetpack_newsletter_tier_id":0,"_jetpack_memberships_contains_paywalled_content":false,"footnotes":"","_jetpack_memberships_contains_paid_content":false,"jetpack_publicize_message":"","jetpack_publicize_feature_enabled":true,"jetpack_social_post_already_shared":false,"jetpack_social_options":{"image_generator_settings":{"template":"highway","enabled":false}}},"categories":[1],"tags":[],"jetpack_publicize_connections":[],"jetpack_featured_media_url":"https:\/\/cppaderborn.educacion.navarra.es\/web\/wp-content\/uploads\/2015\/02\/IMG_1406.jpg","jetpack_sharing_enabled":true,"jetpack_likes_enabled":true,"_links":{"self":[{"href":"https:\/\/cppaderborn.educacion.navarra.es\/web\/wp-json\/wp\/v2\/posts\/997"}],"collection":[{"href":"https:\/\/cppaderborn.educacion.navarra.es\/web\/wp-json\/wp\/v2\/posts"}],"about":[{"href":"https:\/\/cppaderborn.educacion.navarra.es\/web\/wp-json\/wp\/v2\/types\/post"}],"author":[{"embeddable":true,"href":"https:\/\/cppaderborn.educacion.navarra.es\/web\/wp-json\/wp\/v2\/users\/1"}],"replies":[{"embeddable":true,"href":"https:\/\/cppaderborn.educacion.navarra.es\/web\/wp-json\/wp\/v2\/comments?post=997"}],"version-history":[{"count":5,"href":"https:\/\/cppaderborn.educacion.navarra.es\/web\/wp-json\/wp\/v2\/posts\/997\/revisions"}],"predecessor-version":[{"id":1031,"href":"https:\/\/cppaderborn.educacion.navarra.es\/web\/wp-json\/wp\/v2\/posts\/997\/revisions\/1031"}],"wp:featuredmedia":[{"embeddable":true,"href":"https:\/\/cppaderborn.educacion.navarra.es\/web\/wp-json\/wp\/v2\/media\/989"}],"wp:attachment":[{"href":"https:\/\/cppaderborn.educacion.navarra.es\/web\/wp-json\/wp\/v2\/media?parent=997"}],"wp:term":[{"taxonomy":"category","embeddable":true,"href":"https:\/\/cppaderborn.educacion.navarra.es\/web\/wp-json\/wp\/v2\/categories?post=997"},{"taxonomy":"post_tag","embeddable":true,"href":"https:\/\/cppaderborn.educacion.navarra.es\/web\/wp-json\/wp\/v2\/tags?post=997"}],"curies":[{"name":"wp","href":"https:\/\/api.w.org\/{rel}","templated":true}]}}